{"id":3942,"date":"2020-10-16T10:50:31","date_gmt":"2020-10-16T08:50:31","guid":{"rendered":"http:\/\/agora.xtec.cat\/iesdecelra\/?p=3942"},"modified":"2020-12-15T14:13:45","modified_gmt":"2020-12-15T13:13:45","slug":"un-projecte-per-a-innundart","status":"publish","type":"post","link":"https:\/\/agora.xtec.cat\/iesdecelra\/actualitat\/un-projecte-per-a-innundart\/","title":{"rendered":"UN PROJECTE PER A INNUND&#8217;ART"},"content":{"rendered":"<p style=\"text-align: justify;\"><span style=\"font-weight: 400;\"><a href=\"https:\/\/agora.xtec.cat\/iesdecelra\/wp-content\/uploads\/usu1789\/2020\/10\/5.jpg\"><img loading=\"lazy\" decoding=\"async\" class=\"aligncenter wp-image-3945\" src=\"https:\/\/agora.xtec.cat\/iesdecelra\/wp-content\/uploads\/usu1789\/2020\/10\/5.jpg\" alt=\"\" width=\"376\" height=\"282\" srcset=\"https:\/\/agora.xtec.cat\/iesdecelra\/wp-content\/uploads\/usu1789\/2020\/10\/5.jpg 600w, https:\/\/agora.xtec.cat\/iesdecelra\/wp-content\/uploads\/usu1789\/2020\/10\/5-300x225.jpg 300w, https:\/\/agora.xtec.cat\/iesdecelra\/wp-content\/uploads\/usu1789\/2020\/10\/5-200x150.jpg 200w\" sizes=\"auto, (max-width: 376px) 100vw, 376px\" \/><\/a><\/span><\/p>\n<p style=\"text-align: justify;\"><span style=\"font-weight: 400;\">El proper cap de setmana, dissabte 17 i diumenge 18 d&#8217;octubre, s&#8217;havia de celebrar el festival d&#8217;art contemporani Inund&#8217;art als carrers de Girona. Enguany els alumnes de l&#8217;optativa de Dibuix de 4t d&#8217;ESO de l&#8217;Institut de Celr\u00e0\u00a0 han creat l&#8217;escenografia per a un espectacle de Dansa Contempor\u00e0nia on la Sira Aymerich (exalumna de l&#8217;institut) n&#8217;ha creat i dirigit la coreografia i la Raquel Vi\u00f1uales (tamb\u00e9 exalumna de l&#8217;institut) en ser\u00e0 la <em>performancer<\/em>. S&#8217;havien de fer dues representacions, una cada dia a les 18h a la Pla\u00e7a Mercaders de Girona. Malauradament, aquest festival s&#8217;ha hagut d&#8217;ajornar per les noves mesures contra la propagaci\u00f3 de la COVID-19. Anirem informant de les novetats que tinguem del nou format o noves dates.<\/span><\/p>\n<p style=\"text-align: center;\"><span style=\"font-weight: 400; font-size: 10pt;\">Aqu\u00ed teniu la presentaci\u00f3 de l&#8217;espectacle:<\/span><\/p>\n<table class=\" aligncenter\" style=\"width: 614px;\">\n<tbody>\n<tr>\n<td style=\"width: 300.8px;\"><img loading=\"lazy\" decoding=\"async\" class=\"wp-image-3946 alignleft\" src=\"https:\/\/agora.xtec.cat\/iesdecelra\/wp-content\/uploads\/usu1789\/2020\/10\/4.jpg\" alt=\"\" width=\"327\" height=\"244\" srcset=\"https:\/\/agora.xtec.cat\/iesdecelra\/wp-content\/uploads\/usu1789\/2020\/10\/4.jpg 600w, https:\/\/agora.xtec.cat\/iesdecelra\/wp-content\/uploads\/usu1789\/2020\/10\/4-300x225.jpg 300w, https:\/\/agora.xtec.cat\/iesdecelra\/wp-content\/uploads\/usu1789\/2020\/10\/4-200x150.jpg 200w\" sizes=\"auto, (max-width: 327px) 100vw, 327px\" \/><\/td>\n<td style=\"width: 306.4px;\">\n<p style=\"text-align: center;\"><span style=\"font-size: 12pt;\"><strong>Diferents Mateixes<\/strong><\/span><\/p>\n<p style=\"text-align: center;\"><span style=\"font-weight: 400; font-size: 10pt;\">Instal\u00b7laci\u00f3 i performance<\/span><\/p>\n<p style=\"text-align: center;\"><span style=\"font-weight: 400; font-size: 10pt;\">Sira Aymerich, Raquel Vi\u00f1uales i alumnes de\u00a0 4rt d\u2019ESO de l\u2019Institut de Celr\u00e0 (Resid\u00e8ncia d\u2019artista)<\/span><\/p>\n<p style=\"text-align: center;\"><span style=\"font-weight: 400; font-size: 10pt;\">Com entenem una cadira? A trav\u00e9s del fang i el moviment explorem les diferents percepcions de nosaltres mateixes i dels objectes que ens envolten per intentar trobar-nos.<\/span><\/p>\n<\/td>\n<\/tr>\n<tr>\n<td style=\"text-align: center; width: 300.8px;\"><span style=\"font-weight: 400; font-size: 10pt;\">PercePci\u00f3\/ transFormaci\u00f3\/ mEtamorfosi<\/span><\/p>\n<p style=\"text-align: center;\"><span style=\"font-weight: 400; font-size: 10pt;\">Un treball realitzat a trav\u00e9s de la Resid\u00e8ncia d\u2019Artista de Sira Aymerich (core\u00f2grafa i ballarina) i Raquel Vi\u00f1uales (ballarina) a l\u2019Institut de Celr\u00e0, del qual els alumnes han realitzat la instal\u00b7laci\u00f3 on es desenvolupar\u00e0 la performance.<\/span><\/p>\n<\/td>\n<td style=\"text-align: center; width: 306.4px;\"><a href=\"https:\/\/agora.xtec.cat\/iesdecelra\/wp-content\/uploads\/usu1789\/2020\/10\/7.jpg\"><img loading=\"lazy\" decoding=\"async\" class=\"alignright wp-image-3948\" src=\"https:\/\/agora.xtec.cat\/iesdecelra\/wp-content\/uploads\/usu1789\/2020\/10\/7.jpg\" alt=\"\" width=\"300\" height=\"225\" srcset=\"https:\/\/agora.xtec.cat\/iesdecelra\/wp-content\/uploads\/usu1789\/2020\/10\/7.jpg 600w, https:\/\/agora.xtec.cat\/iesdecelra\/wp-content\/uploads\/usu1789\/2020\/10\/7-300x225.jpg 300w, https:\/\/agora.xtec.cat\/iesdecelra\/wp-content\/uploads\/usu1789\/2020\/10\/7-200x150.jpg 200w\" sizes=\"auto, (max-width: 300px) 100vw, 300px\" \/><\/a><\/td>\n<\/tr>\n<\/tbody>\n<\/table>\n<p style=\"text-align: center;\">\n","protected":false},"excerpt":{"rendered":"<p><a href=\"https:\/\/agora.xtec.cat\/iesdecelra\/wp-content\/uploads\/usu1789\/2020\/10\/5.jpg\"><\/a><br \/>\nEl proper cap de setmana, dissabte 17 i diumenge 18 d&#8217;octubre, s&#8217;havia de celebrar el festival d&#8217;art contemporani Inund&#8217;art als carrers de Girona. Enguany els alumnes de l&#8217;optativa de Dibuix de 4t d&#8217;ESO de l&#8217;Institut de Celr\u00e0\u00a0 han creat l&#8217;escenografia per a un espectacle&hellip;  <a href=\"https:\/\/agora.xtec.cat\/iesdecelra\/actualitat\/un-projecte-per-a-innundart\/\" title=\"Read UN PROJECTE PER A INNUND&#8217;ART\">Llegeix m\u00e9s\u00bb<\/a><\/p>\n","protected":false},"author":1,"featured_media":3945,"comment_status":"open","ping_status":"closed","sticky":false,"template":"","format":"standard","meta":{"_bbp_topic_count":0,"_bbp_reply_count":0,"_bbp_total_topic_count":0,"_bbp_total_reply_count":0,"_bbp_voice_count":0,"_bbp_anonymous_reply_count":0,"_bbp_topic_count_hidden":0,"_bbp_reply_count_hidden":0,"_bbp_forum_subforum_count":0,"footnotes":""},"categories":[103],"tags":[289,254],"class_list":["post-3942","post","type-post","status-publish","format-standard","has-post-thumbnail","hentry","category-actualitat","tag-curs-2020-2021","tag-departament-deducacio-visual-i-plastica"],"post_mailing_queue_ids":[],"_links":{"self":[{"href":"https:\/\/agora.xtec.cat\/iesdecelra\/wp-json\/wp\/v2\/posts\/3942","targetHints":{"allow":["GET"]}}],"collection":[{"href":"https:\/\/agora.xtec.cat\/iesdecelra\/wp-json\/wp\/v2\/posts"}],"about":[{"href":"https:\/\/agora.xtec.cat\/iesdecelra\/wp-json\/wp\/v2\/types\/post"}],"author":[{"embeddable":true,"href":"https:\/\/agora.xtec.cat\/iesdecelra\/wp-json\/wp\/v2\/users\/1"}],"replies":[{"embeddable":true,"href":"https:\/\/agora.xtec.cat\/iesdecelra\/wp-json\/wp\/v2\/comments?post=3942"}],"version-history":[{"count":3,"href":"https:\/\/agora.xtec.cat\/iesdecelra\/wp-json\/wp\/v2\/posts\/3942\/revisions"}],"predecessor-version":[{"id":4146,"href":"https:\/\/agora.xtec.cat\/iesdecelra\/wp-json\/wp\/v2\/posts\/3942\/revisions\/4146"}],"wp:featuredmedia":[{"embeddable":true,"href":"https:\/\/agora.xtec.cat\/iesdecelra\/wp-json\/wp\/v2\/media\/3945"}],"wp:attachment":[{"href":"https:\/\/agora.xtec.cat\/iesdecelra\/wp-json\/wp\/v2\/media?parent=3942"}],"wp:term":[{"taxonomy":"category","embeddable":true,"href":"https:\/\/agora.xtec.cat\/iesdecelra\/wp-json\/wp\/v2\/categories?post=3942"},{"taxonomy":"post_tag","embeddable":true,"href":"https:\/\/agora.xtec.cat\/iesdecelra\/wp-json\/wp\/v2\/tags?post=3942"}],"curies":[{"name":"wp","href":"https:\/\/api.w.org\/{rel}","templated":true}]}}