{"id":3937,"date":"2020-10-14T13:12:45","date_gmt":"2020-10-14T11:12:45","guid":{"rendered":"http:\/\/agora.xtec.cat\/iesdecelra\/?p=3937"},"modified":"2020-12-15T14:34:39","modified_gmt":"2020-12-15T13:34:39","slug":"donacio-del-fons-dobres-teatrals-de-josep-ma-uya","status":"publish","type":"post","link":"https:\/\/agora.xtec.cat\/iesdecelra\/actualitat\/donacio-del-fons-dobres-teatrals-de-josep-ma-uya\/","title":{"rendered":"DONACI\u00d3 DEL FONS D&#8217;OBRES TEATRALS DE JOSEP Ma UY\u00c0"},"content":{"rendered":"<table class=\" aligncenter\" style=\"width: 609px;\">\n<tbody>\n<tr>\n<td style=\"width: 316px;\"><img loading=\"lazy\" decoding=\"async\" class=\"alignleft\" src=\"https:\/\/agora.xtec.cat\/iesdecelra\/wp-content\/uploads\/usu1789\/2020\/10\/IMG-20201013-WA0009-e1602673062312.jpg\" alt=\"\" width=\"352\" height=\"264\" \/><\/td>\n<td style=\"width: 286.4px;\"><a href=\"https:\/\/agora.xtec.cat\/iesdecelra\/wp-content\/uploads\/usu1789\/2020\/10\/IMG-20201013-WA0008.jpg\"><img loading=\"lazy\" decoding=\"async\" class=\"alignright\" src=\"https:\/\/agora.xtec.cat\/iesdecelra\/wp-content\/uploads\/usu1789\/2020\/10\/IMG-20201013-WA0008.jpg\" alt=\"\" width=\"275\" height=\"206\" \/><\/a><\/td>\n<\/tr>\n<\/tbody>\n<\/table>\n<p>&nbsp;<\/p>\n<p>Aquest divendres la fam\u00edlia del professor Josep Ma Uy\u00e0 va donar a l&#8217;institut totes les gravacions que guardava en Josep Ma amb les obres teatrals que havia escrit i representat durant anys al centre.<\/p>\n<p>La tasca que ara quedar\u00e0 per fer \u00e9s ordenar i classificar tot aquest material i transformar-lo en format digital per poder-ne fer un \u00fas did\u00e0ctic.<\/p>\n<p>Estem molt agra\u00efts a la fam\u00edlia per aquesta donaci\u00f3, \u00e9s molt important per a l&#8217;institut tenir aquest fons, que forma part de la hist\u00f2ria del nostre centre i que ens permet anar resseguint com s&#8217;ha anat gestant una de les l\u00ednies pedag\u00f2giques de l&#8217;Institut de Celr\u00e0: el teatre, en bona part gr\u00e0cies al nostre company i professor, Josep Ma. Uy\u00e0.<\/p>\n<p>A la vegada, el centre va fer arribar a la fam\u00edlia el llibre de condol\u00e8ncies que vam tenir obert despr\u00e9s de la seva defunci\u00f3 i que a causa del confinament per Covid del curs passat no hav\u00edem pogut fer-los arribar abans.<\/p>\n","protected":false},"excerpt":{"rendered":"<p><a href=\"https:\/\/agora.xtec.cat\/iesdecelra\/wp-content\/uploads\/usu1789\/2020\/10\/IMG-20201013-WA0008.jpg\"><\/a><\/p>\n<p>&nbsp;<br \/>\nAquest divendres la fam\u00edlia del professor Josep Ma Uy\u00e0 va donar a l&#8217;institut totes les gravacions que guardava en Josep Ma amb les obres teatrals que havia escrit i representat durant anys al centre.<br \/>\nLa tasca que ara quedar\u00e0 per fer \u00e9s ordenar i classificar&hellip;  <a href=\"https:\/\/agora.xtec.cat\/iesdecelra\/actualitat\/donacio-del-fons-dobres-teatrals-de-josep-ma-uya\/\" title=\"Read DONACI\u00d3 DEL FONS D&#8217;OBRES TEATRALS DE JOSEP Ma UY\u00c0\">Llegeix m\u00e9s\u00bb<\/a><\/p>\n","protected":false},"author":1,"featured_media":3930,"comment_status":"open","ping_status":"closed","sticky":false,"template":"","format":"standard","meta":{"_bbp_topic_count":0,"_bbp_reply_count":0,"_bbp_total_topic_count":0,"_bbp_total_reply_count":0,"_bbp_voice_count":0,"_bbp_anonymous_reply_count":0,"_bbp_topic_count_hidden":0,"_bbp_reply_count_hidden":0,"_bbp_forum_subforum_count":0,"footnotes":""},"categories":[103],"tags":[289,40],"class_list":["post-3937","post","type-post","status-publish","format-standard","has-post-thumbnail","hentry","category-actualitat","tag-curs-2020-2021","tag-teatre"],"post_mailing_queue_ids":[],"_links":{"self":[{"href":"https:\/\/agora.xtec.cat\/iesdecelra\/wp-json\/wp\/v2\/posts\/3937","targetHints":{"allow":["GET"]}}],"collection":[{"href":"https:\/\/agora.xtec.cat\/iesdecelra\/wp-json\/wp\/v2\/posts"}],"about":[{"href":"https:\/\/agora.xtec.cat\/iesdecelra\/wp-json\/wp\/v2\/types\/post"}],"author":[{"embeddable":true,"href":"https:\/\/agora.xtec.cat\/iesdecelra\/wp-json\/wp\/v2\/users\/1"}],"replies":[{"embeddable":true,"href":"https:\/\/agora.xtec.cat\/iesdecelra\/wp-json\/wp\/v2\/comments?post=3937"}],"version-history":[{"count":3,"href":"https:\/\/agora.xtec.cat\/iesdecelra\/wp-json\/wp\/v2\/posts\/3937\/revisions"}],"predecessor-version":[{"id":4148,"href":"https:\/\/agora.xtec.cat\/iesdecelra\/wp-json\/wp\/v2\/posts\/3937\/revisions\/4148"}],"wp:featuredmedia":[{"embeddable":true,"href":"https:\/\/agora.xtec.cat\/iesdecelra\/wp-json\/wp\/v2\/media\/3930"}],"wp:attachment":[{"href":"https:\/\/agora.xtec.cat\/iesdecelra\/wp-json\/wp\/v2\/media?parent=3937"}],"wp:term":[{"taxonomy":"category","embeddable":true,"href":"https:\/\/agora.xtec.cat\/iesdecelra\/wp-json\/wp\/v2\/categories?post=3937"},{"taxonomy":"post_tag","embeddable":true,"href":"https:\/\/agora.xtec.cat\/iesdecelra\/wp-json\/wp\/v2\/tags?post=3937"}],"curies":[{"name":"wp","href":"https:\/\/api.w.org\/{rel}","templated":true}]}}