{"id":3922,"date":"2020-10-14T09:27:11","date_gmt":"2020-10-14T07:27:11","guid":{"rendered":"http:\/\/agora.xtec.cat\/iesdecelra\/?p=3922"},"modified":"2020-10-14T09:31:33","modified_gmt":"2020-10-14T07:31:33","slug":"celebrem-els-erasmusdays","status":"publish","type":"post","link":"https:\/\/agora.xtec.cat\/iesdecelra\/cursos\/eso\/celebrem-els-erasmusdays\/","title":{"rendered":"CELEBREM ELS ERASMUSDAYS"},"content":{"rendered":"<p><a href=\"https:\/\/agora.xtec.cat\/iesdecelra\/wp-content\/uploads\/usu1789\/2020\/10\/Screenshot_20201014_092107.jpg\"><img loading=\"lazy\" decoding=\"async\" class=\"aligncenter\" src=\"https:\/\/agora.xtec.cat\/iesdecelra\/wp-content\/uploads\/usu1789\/2020\/10\/Screenshot_20201014_092107.jpg\" alt=\"\" width=\"500\" height=\"729\" \/><\/a><\/p>\n<p style=\"text-align: justify;\">Els <strong>ErasmusDays<\/strong> son tres dies de celebraci\u00f3 (aquest any, del 15 fins al 17 d\u2019octubre) programats per la Comissi\u00f3 Europea destinats a promocionar el programa i els projectes Erasmus en aquells centres que en s\u00f3n receptors i beneficiaris, per exemple l\u2019Institut de Celr\u00e0.<\/p>\n<p style=\"text-align: justify;\">El <strong>dijous 15 d\u2019octubre<\/strong> es compartiran els ErasmusDays amb els alumnes d\u2019ESO. Al pati hi haur\u00e0 un codi QR que s\u2019haur\u00e0 d\u2019escanejar i es descarregar\u00e0 un joc que s\u2019haur\u00e0 de resoldre. S\u2019hi podr\u00e0 participar en un grup petit de 2 a 4 persones d\u2019un mateix grup estable o individualment. Hi haur\u00e0 dos premis per 1r i 2n d\u2019ESO i uns altres dos per 3r i 4t d\u2019ESO.<\/p>\n<p style=\"text-align: justify;\">El <strong>divendres 16 d\u2019octubre<\/strong> a l\u2019institut, vindr\u00e0 un expert de Europe Direct Girona, el centre d\u2019informaci\u00f3 de la Universitat de Girona (UdG) sobre la Uni\u00f3 Europea a fer xerrades interactives sobre les oportunitats que la Uni\u00f3 Europea ofereix als joves. Les xerrades tindran lloc a les aules de Batxillerat i a l\u2019aula de 3r d\u2019ESO A coincidint amb l\u2019assignatura optativa de Projectes Europeus.<\/p>\n<p style=\"text-align: justify;\">Durant els ErasmusDays, al hall de l\u2019institut hi haur\u00e0 una exposici\u00f3 sobre les activitats d\u2019aquests dies i difusi\u00f3 dels projectes Erasmus+ de l\u2019institut.<\/p>\n<p style=\"text-align: justify;\">Afortunadament, l\u2019Institut de Celr\u00e0, compta amb 2 Erasmus+ diferents:<\/p>\n<ul>\n<li style=\"list-style-type: none;\">\n<ul style=\"list-style-type: circle;\">\n<li style=\"text-align: justify;\">Un Erasmus+ KA229: ESSE (Evaluating School Social Engagement) sobre com potenciar i avaluar el servei comunitari i el voluntariat a l&#8217;institut<\/li>\n<li style=\"text-align: justify;\">Un Erasmus+ KA1: European STEM STEP per introduir la pr\u00e0ctica de les STEM a l&#8217;institut.<\/li>\n<\/ul>\n<\/li>\n<\/ul>\n<p style=\"text-align: justify;\">C\u00e8lia Peris i Ariadna Lara 3rA<\/p>\n<p style=\"text-align: center;\">\n","protected":false},"excerpt":{"rendered":"<p><a href=\"https:\/\/agora.xtec.cat\/iesdecelra\/wp-content\/uploads\/usu1789\/2020\/10\/Screenshot_20201014_092107.jpg\"><\/a><br \/>\nEls ErasmusDays son tres dies de celebraci\u00f3 (aquest any, del 15 fins al 17 d\u2019octubre) programats per la Comissi\u00f3 Europea destinats a promocionar el programa i els projectes Erasmus en aquells centres que en s\u00f3n receptors i beneficiaris, per exemple l\u2019Institut de Celr\u00e0.<br \/>\nEl dijous&hellip;  <a href=\"https:\/\/agora.xtec.cat\/iesdecelra\/cursos\/eso\/celebrem-els-erasmusdays\/\" title=\"Read CELEBREM ELS ERASMUSDAYS\">Llegeix m\u00e9s\u00bb<\/a><\/p>\n","protected":false},"author":1,"featured_media":3927,"comment_status":"open","ping_status":"closed","sticky":false,"template":"","format":"standard","meta":{"_bbp_topic_count":0,"_bbp_reply_count":0,"_bbp_total_topic_count":0,"_bbp_total_reply_count":0,"_bbp_voice_count":0,"_bbp_anonymous_reply_count":0,"_bbp_topic_count_hidden":0,"_bbp_reply_count_hidden":0,"_bbp_forum_subforum_count":0,"footnotes":""},"categories":[103,8,3,156],"tags":[289,245],"class_list":["post-3922","post","type-post","status-publish","format-standard","has-post-thumbnail","hentry","category-actualitat","category-batxillerat","category-eso","category-european-projects","tag-curs-2020-2021","tag-erasmus"],"post_mailing_queue_ids":[],"_links":{"self":[{"href":"https:\/\/agora.xtec.cat\/iesdecelra\/wp-json\/wp\/v2\/posts\/3922","targetHints":{"allow":["GET"]}}],"collection":[{"href":"https:\/\/agora.xtec.cat\/iesdecelra\/wp-json\/wp\/v2\/posts"}],"about":[{"href":"https:\/\/agora.xtec.cat\/iesdecelra\/wp-json\/wp\/v2\/types\/post"}],"author":[{"embeddable":true,"href":"https:\/\/agora.xtec.cat\/iesdecelra\/wp-json\/wp\/v2\/users\/1"}],"replies":[{"embeddable":true,"href":"https:\/\/agora.xtec.cat\/iesdecelra\/wp-json\/wp\/v2\/comments?post=3922"}],"version-history":[{"count":2,"href":"https:\/\/agora.xtec.cat\/iesdecelra\/wp-json\/wp\/v2\/posts\/3922\/revisions"}],"predecessor-version":[{"id":3928,"href":"https:\/\/agora.xtec.cat\/iesdecelra\/wp-json\/wp\/v2\/posts\/3922\/revisions\/3928"}],"wp:featuredmedia":[{"embeddable":true,"href":"https:\/\/agora.xtec.cat\/iesdecelra\/wp-json\/wp\/v2\/media\/3927"}],"wp:attachment":[{"href":"https:\/\/agora.xtec.cat\/iesdecelra\/wp-json\/wp\/v2\/media?parent=3922"}],"wp:term":[{"taxonomy":"category","embeddable":true,"href":"https:\/\/agora.xtec.cat\/iesdecelra\/wp-json\/wp\/v2\/categories?post=3922"},{"taxonomy":"post_tag","embeddable":true,"href":"https:\/\/agora.xtec.cat\/iesdecelra\/wp-json\/wp\/v2\/tags?post=3922"}],"curies":[{"name":"wp","href":"https:\/\/api.w.org\/{rel}","templated":true}]}}