{"id":3851,"date":"2020-09-21T12:08:02","date_gmt":"2020-09-21T10:08:02","guid":{"rendered":"http:\/\/agora.xtec.cat\/iesdecelra\/?p=3851"},"modified":"2020-09-21T12:08:02","modified_gmt":"2020-09-21T10:08:02","slug":"comencem-el-curs-com-sempre-amb-les-llicons-inaugurals","status":"publish","type":"post","link":"https:\/\/agora.xtec.cat\/iesdecelra\/cursos\/eso\/comencem-el-curs-com-sempre-amb-les-llicons-inaugurals\/","title":{"rendered":"COMENCEM EL CURS, COM SEMPRE, AMB LES LLI\u00c7ONS INAUGURALS"},"content":{"rendered":"<p>Malgrat l&#8217;excepcionalitat d&#8217;aquest curs i els canvis que hi ha hagut, l&#8217;Institut de Celr\u00e0 no s&#8217;ha volgut quedar sense lli\u00e7ons inaugurals aquest curs. Han estat diferents: no hem pogut anar a l&#8217;Ateneu, tot l&#8217;alumnat d&#8217;un mateix curs, a escoltar <em>in situ <\/em>la persona que ens venia visitar per\u00f2 ens les hem empescat perqu\u00e8 ning\u00fa es qued\u00e9s sense aquesta activitat d&#8217;obertura de curs. Les lli\u00e7ons, aquest curs, s&#8217;han fet al gimn\u00e0s del centre i s&#8217;han organitzat de manera que dos grups-classe hi han assistit presencialment i la resta de grups del curs l&#8217;ha seguit en <em>streaming<\/em> des de la seva aula.<\/p>\n<p>Els ponents i les xerrades d&#8217;aquest curs han estat:<\/p>\n<p style=\"padding-left: 40px;\">Assumpta Montell\u00e0 a 1r d&#8217;ESO amb &#8220;<strong>La maternitat d&#8217;Elna<\/strong>&#8220;<\/p>\n<p style=\"padding-left: 40px;\">Cristina Linares a 2n amb \u201c<strong>L\u2019ecologia, una ci\u00e8ncia per entendre i transformar la nostra relaci\u00f3 amb la natura<\/strong>\u201d<\/p>\n<p style=\"padding-left: 40px;\">\u00c0lex Forast\u00e9 a 3r i 4t d&#8217;ESO amb \u201c<strong>Transformar en contextos complexos: el gran repte social<\/strong>\u201d<\/p>\n<p style=\"padding-left: 40px;\">Josep M. Carb\u00f3 a Batxillerat amb &#8220;<strong>L&#8217;Economia del B\u00e9 Com\u00fa: coneix-la per a transformar el m\u00f3n<\/strong>&#8220;<\/p>\n<p>Tots han enfocat la seva pon\u00e8ncia tenint ben present el lema <em>Formen-nos per transformar<\/em>, que acompanyar\u00e0 tot aquest curs.<\/p>\n<p style=\"text-align: justify;\"><span style=\"font-size: 10pt;\"><strong><a href=\"https:\/\/agora.xtec.cat\/iesdecelra\/wp-content\/uploads\/usu1789\/2020\/09\/IMG-20200916-WA0001.jpg\"><img loading=\"lazy\" decoding=\"async\" class=\"wp-image-3855 alignleft\" src=\"https:\/\/agora.xtec.cat\/iesdecelra\/wp-content\/uploads\/usu1789\/2020\/09\/IMG-20200916-WA0001.jpg\" alt=\"\" width=\"266\" height=\"355\" srcset=\"https:\/\/agora.xtec.cat\/iesdecelra\/wp-content\/uploads\/usu1789\/2020\/09\/IMG-20200916-WA0001.jpg 1500w, https:\/\/agora.xtec.cat\/iesdecelra\/wp-content\/uploads\/usu1789\/2020\/09\/IMG-20200916-WA0001-225x300.jpg 225w, https:\/\/agora.xtec.cat\/iesdecelra\/wp-content\/uploads\/usu1789\/2020\/09\/IMG-20200916-WA0001-768x1024.jpg 768w\" sizes=\"auto, (max-width: 266px) 100vw, 266px\" \/><\/a>Assumpta Montell\u00e0<\/strong> \u00e9s llicenci<\/span><span style=\"font-size: 10pt;\">ada en Hist\u00f2ria Contempor\u00e0nia per la UAB, ha treballat en el Museu de l\u2019exili de la Jonquera, i en el grup de Cultura ARA. Ha col\u00b7laborat de manera continuada en treballs de recerca pel Memorial Democr\u00e0tic de la Generalitat de Catalunya. \u00c9s historiadora per devoci\u00f3, amb passi\u00f3, amb intensitat, i aix\u00f2 fa que no sigui una historiadora convencional.\u00a0<\/span><\/p>\n<p style=\"text-align: justify;\"><span style=\"font-size: 10pt;\"><strong>Cristina Linares<\/strong> \u00e9s Catedr\u00e0tica d\u2019Ecologia a la Universitat de Barcelona i investigadora de l&#8217;Institut de <\/span><span style=\"font-size: 10pt;\">Recerca de la Biodiversitat. Recentment ha estat premiada amb el reconeixement <\/span><span style=\"font-size: 10pt;\">ICREA Acad\u00e8mia 2019 de la Generalitat de Catalunya per la seva traject\u00f2ria en <\/span><span style=\"font-size: 10pt;\">recerca. \u00c9s llicenciada en Biologia i<\/span><span style=\"font-size: 10pt;\">\u00a0ha treballat en diversos centres de recerca a Fran\u00e7a, Estats Units i <\/span><span style=\"font-size: 10pt;\">Austr\u00e0lia. A part de donar classes sobre ecologia i conservaci\u00f3 marina a la <\/span><span style=\"font-size: 10pt;\">Universitat, la seva recerca es centra en comprendre les respostes dels ecosistemes <\/span><span style=\"font-size: 10pt;\">marins al canvi clim\u00e0tic i buscar possibles solucions per revertir la degradaci\u00f3 a la <\/span><span style=\"font-size: 10pt;\">que es veu sotmesa la biodiversitat marina per l\u2019augment creixent de les activitats <\/span><span style=\"font-size: 10pt;\">humanes.<\/span><\/p>\n<p style=\"text-align: justify;\"><span style=\"font-size: 10pt;\"><strong>\u00c0lex Forast\u00e9<\/strong> \u00e9s Enginyer industrial per la UPC. Ha exercit d&#8217;enginyer per\u00f2 tamb\u00e9 ha treballat en molts altres sectors <\/span><span style=\"font-size: 10pt;\">dissenyant i executat projectes de tota mena. El 2010 va iniciar una nova etapa professional orientada al foment de la creativitat i l&#8217;actitud emprenedora, tant per un p\u00fablic adult com per un p\u00fablic juvenil, impartint cursos a Barcelona Activa per\u00f2 sobretot a centres educatius de secund\u00e0ria i Cicles Formatius d&#8217;arreu de Catalunya. En aquests cursos motivava els alumnes a dissenyar <\/span><span style=\"font-size: 10pt;\">els seus projectes personals (tant empresarials com socials), treballant en equip, potenciant la seva creativitat, capacitat de planificaci\u00f3 i exposici\u00f3 p\u00fablica.\u00a0<\/span><\/p>\n<p><span style=\"font-size: 10pt;\"><strong>Josep M. Carb\u00f3<\/strong> \u00e9s Mestre i professor de filosofia jubilat, fil\u00f2sof de vocaci\u00f3 i actualment president de l&#8217;Associaci\u00f3 de l&#8217;Economia del B\u00e9 Com\u00fa de Girona.<\/span><\/p>\n","protected":false},"excerpt":{"rendered":"<p>Malgrat l&#8217;excepcionalitat d&#8217;aquest curs i els canvis que hi ha hagut, l&#8217;Institut de Celr\u00e0 no s&#8217;ha volgut quedar sense lli\u00e7ons inaugurals aquest curs. Han estat diferents: no hem pogut anar a l&#8217;Ateneu, tot l&#8217;alumnat d&#8217;un mateix curs, a escoltar in situ la persona que ens&hellip;  <a href=\"https:\/\/agora.xtec.cat\/iesdecelra\/cursos\/eso\/comencem-el-curs-com-sempre-amb-les-llicons-inaugurals\/\" title=\"Read COMENCEM EL CURS, COM SEMPRE, AMB LES LLI\u00c7ONS INAUGURALS\">Llegeix m\u00e9s\u00bb<\/a><\/p>\n","protected":false},"author":1,"featured_media":3854,"comment_status":"open","ping_status":"closed","sticky":false,"template":"","format":"standard","meta":{"_bbp_topic_count":0,"_bbp_reply_count":0,"_bbp_total_topic_count":0,"_bbp_total_reply_count":0,"_bbp_voice_count":0,"_bbp_anonymous_reply_count":0,"_bbp_topic_count_hidden":0,"_bbp_reply_count_hidden":0,"_bbp_forum_subforum_count":0,"footnotes":""},"categories":[103,8,3],"tags":[289,121],"class_list":["post-3851","post","type-post","status-publish","format-standard","has-post-thumbnail","hentry","category-actualitat","category-batxillerat","category-eso","tag-curs-2020-2021","tag-llico-inaugural"],"post_mailing_queue_ids":[],"_links":{"self":[{"href":"https:\/\/agora.xtec.cat\/iesdecelra\/wp-json\/wp\/v2\/posts\/3851","targetHints":{"allow":["GET"]}}],"collection":[{"href":"https:\/\/agora.xtec.cat\/iesdecelra\/wp-json\/wp\/v2\/posts"}],"about":[{"href":"https:\/\/agora.xtec.cat\/iesdecelra\/wp-json\/wp\/v2\/types\/post"}],"author":[{"embeddable":true,"href":"https:\/\/agora.xtec.cat\/iesdecelra\/wp-json\/wp\/v2\/users\/1"}],"replies":[{"embeddable":true,"href":"https:\/\/agora.xtec.cat\/iesdecelra\/wp-json\/wp\/v2\/comments?post=3851"}],"version-history":[{"count":3,"href":"https:\/\/agora.xtec.cat\/iesdecelra\/wp-json\/wp\/v2\/posts\/3851\/revisions"}],"predecessor-version":[{"id":3856,"href":"https:\/\/agora.xtec.cat\/iesdecelra\/wp-json\/wp\/v2\/posts\/3851\/revisions\/3856"}],"wp:featuredmedia":[{"embeddable":true,"href":"https:\/\/agora.xtec.cat\/iesdecelra\/wp-json\/wp\/v2\/media\/3854"}],"wp:attachment":[{"href":"https:\/\/agora.xtec.cat\/iesdecelra\/wp-json\/wp\/v2\/media?parent=3851"}],"wp:term":[{"taxonomy":"category","embeddable":true,"href":"https:\/\/agora.xtec.cat\/iesdecelra\/wp-json\/wp\/v2\/categories?post=3851"},{"taxonomy":"post_tag","embeddable":true,"href":"https:\/\/agora.xtec.cat\/iesdecelra\/wp-json\/wp\/v2\/tags?post=3851"}],"curies":[{"name":"wp","href":"https:\/\/api.w.org\/{rel}","templated":true}]}}