{"id":3848,"date":"2020-09-21T09:37:37","date_gmt":"2020-09-21T07:37:37","guid":{"rendered":"http:\/\/agora.xtec.cat\/iesdecelra\/?p=3848"},"modified":"2020-11-02T13:36:32","modified_gmt":"2020-11-02T12:36:32","slug":"21-de-setembre-de-2020","status":"publish","type":"post","link":"https:\/\/agora.xtec.cat\/iesdecelra\/general\/musica-de-la-setmana\/21-de-setembre-de-2020\/","title":{"rendered":"21 de setembre de 2020"},"content":{"rendered":"<p>https:\/\/www.youtube.com\/watch?v=_M6TkjPFRVY&#038;feature=youtu.be<\/p>\n<p>Torna la m\u00fasica de la setmana! Mica en mica anem agafant les rutines del curs i, com sempre, ens acompanya la m\u00fasica que ens indica els canvis d&#8217;hora (aquest curs una mica m\u00e9s complicats per poder garantir les mesures de seguretat per tothom). Aquesta setmana qui ens fa aquests canvis m\u00e9s agradables \u00e9s Amy Winehouse, amb el seu tema <em>Valerie<\/em>.<!--more--><\/p>\n<p>Durant el confinament, una de les activitats per als alumnes de 3r d&#8217;ESO va ser editar una m\u00fasica de manera que pogu\u00e9s sonar entre classes. D&#8217;aquesta activitat en van sortir moltes propostes: aquesta \u00e9s una d&#8217;elles. Durant el curs n&#8217;anirem sentint m\u00e9s.<\/p>\n","protected":false},"excerpt":{"rendered":"<p>https:\/\/www.youtube.com\/watch?v=_M6TkjPFRVY&#038;feature=youtu.be<br \/>\nTorna la m\u00fasica de la setmana! Mica en mica anem agafant les rutines del curs i, com sempre, ens acompanya la m\u00fasica que ens indica els canvis d&#8217;hora (aquest curs una mica m\u00e9s complicats per poder garantir les mesures de seguretat per tothom). Aquesta setmana&hellip;  <a href=\"https:\/\/agora.xtec.cat\/iesdecelra\/general\/musica-de-la-setmana\/21-de-setembre-de-2020\/\" title=\"Read 21 de setembre de 2020\">Llegeix m\u00e9s\u00bb<\/a><\/p>\n","protected":false},"author":1,"featured_media":0,"comment_status":"open","ping_status":"closed","sticky":false,"template":"","format":"standard","meta":{"_bbp_topic_count":0,"_bbp_reply_count":0,"_bbp_total_topic_count":0,"_bbp_total_reply_count":0,"_bbp_voice_count":0,"_bbp_anonymous_reply_count":0,"_bbp_topic_count_hidden":0,"_bbp_reply_count_hidden":0,"_bbp_forum_subforum_count":0,"footnotes":""},"categories":[122],"tags":[289,123],"class_list":["post-3848","post","type-post","status-publish","format-standard","hentry","category-musica-de-la-setmana","tag-curs-2020-2021","tag-musica-de-la-setmana"],"post_mailing_queue_ids":[],"_links":{"self":[{"href":"https:\/\/agora.xtec.cat\/iesdecelra\/wp-json\/wp\/v2\/posts\/3848","targetHints":{"allow":["GET"]}}],"collection":[{"href":"https:\/\/agora.xtec.cat\/iesdecelra\/wp-json\/wp\/v2\/posts"}],"about":[{"href":"https:\/\/agora.xtec.cat\/iesdecelra\/wp-json\/wp\/v2\/types\/post"}],"author":[{"embeddable":true,"href":"https:\/\/agora.xtec.cat\/iesdecelra\/wp-json\/wp\/v2\/users\/1"}],"replies":[{"embeddable":true,"href":"https:\/\/agora.xtec.cat\/iesdecelra\/wp-json\/wp\/v2\/comments?post=3848"}],"version-history":[{"count":3,"href":"https:\/\/agora.xtec.cat\/iesdecelra\/wp-json\/wp\/v2\/posts\/3848\/revisions"}],"predecessor-version":[{"id":4004,"href":"https:\/\/agora.xtec.cat\/iesdecelra\/wp-json\/wp\/v2\/posts\/3848\/revisions\/4004"}],"wp:attachment":[{"href":"https:\/\/agora.xtec.cat\/iesdecelra\/wp-json\/wp\/v2\/media?parent=3848"}],"wp:term":[{"taxonomy":"category","embeddable":true,"href":"https:\/\/agora.xtec.cat\/iesdecelra\/wp-json\/wp\/v2\/categories?post=3848"},{"taxonomy":"post_tag","embeddable":true,"href":"https:\/\/agora.xtec.cat\/iesdecelra\/wp-json\/wp\/v2\/tags?post=3848"}],"curies":[{"name":"wp","href":"https:\/\/api.w.org\/{rel}","templated":true}]}}