{"id":3740,"date":"2020-07-07T18:02:39","date_gmt":"2020-07-07T16:02:39","guid":{"rendered":"http:\/\/agora.xtec.cat\/iesdecelra\/?p=3740"},"modified":"2020-07-07T18:04:01","modified_gmt":"2020-07-07T16:04:01","slug":"anna-cornet-premiada-pel-seu-tdr","status":"publish","type":"post","link":"https:\/\/agora.xtec.cat\/iesdecelra\/cursos\/batxillerat\/anna-cornet-premiada-pel-seu-tdr\/","title":{"rendered":"LA JUNTA CENTRAL D&#8217;USUARIS D&#8217;AIGUA DEL BAIX TER PREMIA EL TdR D&#8217;ANNA CORNET"},"content":{"rendered":"<p style=\"text-align: justify;\">La Junta Central d&#8217;Usuaris d&#8217;Aigua del Baix Ter (JCUABT), en la convocat\u00f2ria de la II edici\u00f3 dels Premis a Treball de Recerca de Batxillerat Jordi Montaner i Roviras 2020, ha atorgat el premi d&#8217;enguany al treball de recerca <i>Avaluaci\u00f3 de l&#8217;estat de pertorbaci\u00f3 en ecosistemes del litoral de l&#8217;escala a trav\u00e9s de factors bi\u00f2tics<\/i>\u00a0de l&#8217;alumna de l&#8217;Institut de Celr\u00e0\u00a0<i>Anna Cornet i Sanz<\/i>, i dirigit pel professor de biologia i geologia\u00a0<i>Llu\u00eds Camps<\/i>.<\/p>\n<p style=\"text-align: justify;\">Els lliurament formal del premi es far\u00e0 telem\u00e0ticament el proper divendres 10 de Juliol a les 7 de la tarda.<\/p>\n<p style=\"text-align: justify;\">Moltes felicitats, Anna!<\/p>\n","protected":false},"excerpt":{"rendered":"<p>La Junta Central d&#8217;Usuaris d&#8217;Aigua del Baix Ter (JCUABT), en la convocat\u00f2ria de la II edici\u00f3 dels Premis a Treball de Recerca de Batxillerat Jordi Montaner i Roviras 2020, ha atorgat el premi d&#8217;enguany al treball de recerca Avaluaci\u00f3 de l&#8217;estat de pertorbaci\u00f3 en ecosistemes&hellip;  <a href=\"https:\/\/agora.xtec.cat\/iesdecelra\/cursos\/batxillerat\/anna-cornet-premiada-pel-seu-tdr\/\" title=\"Read LA JUNTA CENTRAL D&#8217;USUARIS D&#8217;AIGUA DEL BAIX TER PREMIA EL TdR D&#8217;ANNA CORNET\">Llegeix m\u00e9s\u00bb<\/a><\/p>\n","protected":false},"author":1,"featured_media":3741,"comment_status":"open","ping_status":"closed","sticky":false,"template":"","format":"standard","meta":{"_bbp_topic_count":0,"_bbp_reply_count":0,"_bbp_total_topic_count":0,"_bbp_total_reply_count":0,"_bbp_voice_count":0,"_bbp_anonymous_reply_count":0,"_bbp_topic_count_hidden":0,"_bbp_reply_count_hidden":0,"_bbp_forum_subforum_count":0,"footnotes":""},"categories":[103,8,218],"tags":[239,216,116],"class_list":["post-3740","post","type-post","status-publish","format-standard","has-post-thumbnail","hentry","category-actualitat","category-batxillerat","category-concursos-i-premis","tag-curs-2019-2020","tag-premis","tag-treball-de-recerca"],"post_mailing_queue_ids":[],"_links":{"self":[{"href":"https:\/\/agora.xtec.cat\/iesdecelra\/wp-json\/wp\/v2\/posts\/3740","targetHints":{"allow":["GET"]}}],"collection":[{"href":"https:\/\/agora.xtec.cat\/iesdecelra\/wp-json\/wp\/v2\/posts"}],"about":[{"href":"https:\/\/agora.xtec.cat\/iesdecelra\/wp-json\/wp\/v2\/types\/post"}],"author":[{"embeddable":true,"href":"https:\/\/agora.xtec.cat\/iesdecelra\/wp-json\/wp\/v2\/users\/1"}],"replies":[{"embeddable":true,"href":"https:\/\/agora.xtec.cat\/iesdecelra\/wp-json\/wp\/v2\/comments?post=3740"}],"version-history":[{"count":3,"href":"https:\/\/agora.xtec.cat\/iesdecelra\/wp-json\/wp\/v2\/posts\/3740\/revisions"}],"predecessor-version":[{"id":3745,"href":"https:\/\/agora.xtec.cat\/iesdecelra\/wp-json\/wp\/v2\/posts\/3740\/revisions\/3745"}],"wp:featuredmedia":[{"embeddable":true,"href":"https:\/\/agora.xtec.cat\/iesdecelra\/wp-json\/wp\/v2\/media\/3741"}],"wp:attachment":[{"href":"https:\/\/agora.xtec.cat\/iesdecelra\/wp-json\/wp\/v2\/media?parent=3740"}],"wp:term":[{"taxonomy":"category","embeddable":true,"href":"https:\/\/agora.xtec.cat\/iesdecelra\/wp-json\/wp\/v2\/categories?post=3740"},{"taxonomy":"post_tag","embeddable":true,"href":"https:\/\/agora.xtec.cat\/iesdecelra\/wp-json\/wp\/v2\/tags?post=3740"}],"curies":[{"name":"wp","href":"https:\/\/api.w.org\/{rel}","templated":true}]}}