{"id":3736,"date":"2020-07-07T17:48:37","date_gmt":"2020-07-07T15:48:37","guid":{"rendered":"http:\/\/agora.xtec.cat\/iesdecelra\/?p=3736"},"modified":"2020-07-07T17:48:37","modified_gmt":"2020-07-07T15:48:37","slug":"selectivitat-2020","status":"publish","type":"post","link":"https:\/\/agora.xtec.cat\/iesdecelra\/cursos\/batxillerat\/selectivitat-2020\/","title":{"rendered":"SELECTIVITAT 2020"},"content":{"rendered":"<p style=\"text-align: justify;\">Avui s&#8217;han iniciat les PAU, en un curs marcat per la pand\u00e8mia de COVID-19; els ex\u00e0mens de la selectivitat s&#8217;allargaran fins divendres 10 de juliol.<\/p>\n<p style=\"text-align: justify;\">Aquest dimarts s&#8217;han fet els ex\u00e0mens de llengua castellana i dues assignatures m\u00e9s corresponents a cada modalitat de batxillerat. Dimecres hi haur\u00e0 la prova de llengua catalana i llengua estrangera i una altra assignatura de modalitat. Dijous comen\u00e7ar\u00e0 amb hist\u00f2ria i dues assignatures que depenen de l&#8217;itinerari que s&#8217;hagi escollit de batxillerat i l&#8217;\u00faltim dia de les proves es tancarpa amb dues mat\u00e8ries m\u00e9s d&#8217;aquest tipus.<\/p>\n<p style=\"text-align: justify;\">A tot l&#8217;alumnat, per\u00f2 especialment als nostres alumnes de 2n de Batxillerat, molts \u00e0nims i sort!<\/p>\n<p><a href=\"https:\/\/agora.xtec.cat\/iesdecelra\/wp-content\/uploads\/usu1789\/2020\/07\/captura-1.jpg\"><img loading=\"lazy\" decoding=\"async\" class=\"aligncenter size-full wp-image-3738\" src=\"https:\/\/agora.xtec.cat\/iesdecelra\/wp-content\/uploads\/usu1789\/2020\/07\/captura-1.jpg\" alt=\"\" width=\"486\" height=\"234\" srcset=\"https:\/\/agora.xtec.cat\/iesdecelra\/wp-content\/uploads\/usu1789\/2020\/07\/captura-1.jpg 486w, https:\/\/agora.xtec.cat\/iesdecelra\/wp-content\/uploads\/usu1789\/2020\/07\/captura-1-300x144.jpg 300w\" sizes=\"auto, (max-width: 486px) 100vw, 486px\" \/><\/a><\/p>\n","protected":false},"excerpt":{"rendered":"<p>Avui s&#8217;han iniciat les PAU, en un curs marcat per la pand\u00e8mia de COVID-19; els ex\u00e0mens de la selectivitat s&#8217;allargaran fins divendres 10 de juliol.<br \/>\nAquest dimarts s&#8217;han fet els ex\u00e0mens de llengua castellana i dues assignatures m\u00e9s corresponents a cada modalitat de batxillerat. Dimecres hi&hellip;  <a href=\"https:\/\/agora.xtec.cat\/iesdecelra\/cursos\/batxillerat\/selectivitat-2020\/\" title=\"Read SELECTIVITAT 2020\">Llegeix m\u00e9s\u00bb<\/a><\/p>\n","protected":false},"author":1,"featured_media":3737,"comment_status":"open","ping_status":"closed","sticky":false,"template":"","format":"standard","meta":{"_bbp_topic_count":0,"_bbp_reply_count":0,"_bbp_total_topic_count":0,"_bbp_total_reply_count":0,"_bbp_voice_count":0,"_bbp_anonymous_reply_count":0,"_bbp_topic_count_hidden":0,"_bbp_reply_count_hidden":0,"_bbp_forum_subforum_count":0,"footnotes":""},"categories":[103,8],"tags":[239,238],"class_list":["post-3736","post","type-post","status-publish","format-standard","has-post-thumbnail","hentry","category-actualitat","category-batxillerat","tag-curs-2019-2020","tag-pau"],"post_mailing_queue_ids":[],"_links":{"self":[{"href":"https:\/\/agora.xtec.cat\/iesdecelra\/wp-json\/wp\/v2\/posts\/3736","targetHints":{"allow":["GET"]}}],"collection":[{"href":"https:\/\/agora.xtec.cat\/iesdecelra\/wp-json\/wp\/v2\/posts"}],"about":[{"href":"https:\/\/agora.xtec.cat\/iesdecelra\/wp-json\/wp\/v2\/types\/post"}],"author":[{"embeddable":true,"href":"https:\/\/agora.xtec.cat\/iesdecelra\/wp-json\/wp\/v2\/users\/1"}],"replies":[{"embeddable":true,"href":"https:\/\/agora.xtec.cat\/iesdecelra\/wp-json\/wp\/v2\/comments?post=3736"}],"version-history":[{"count":1,"href":"https:\/\/agora.xtec.cat\/iesdecelra\/wp-json\/wp\/v2\/posts\/3736\/revisions"}],"predecessor-version":[{"id":3739,"href":"https:\/\/agora.xtec.cat\/iesdecelra\/wp-json\/wp\/v2\/posts\/3736\/revisions\/3739"}],"wp:featuredmedia":[{"embeddable":true,"href":"https:\/\/agora.xtec.cat\/iesdecelra\/wp-json\/wp\/v2\/media\/3737"}],"wp:attachment":[{"href":"https:\/\/agora.xtec.cat\/iesdecelra\/wp-json\/wp\/v2\/media?parent=3736"}],"wp:term":[{"taxonomy":"category","embeddable":true,"href":"https:\/\/agora.xtec.cat\/iesdecelra\/wp-json\/wp\/v2\/categories?post=3736"},{"taxonomy":"post_tag","embeddable":true,"href":"https:\/\/agora.xtec.cat\/iesdecelra\/wp-json\/wp\/v2\/tags?post=3736"}],"curies":[{"name":"wp","href":"https:\/\/api.w.org\/{rel}","templated":true}]}}