{"id":3731,"date":"2020-07-06T17:46:07","date_gmt":"2020-07-06T15:46:07","guid":{"rendered":"http:\/\/agora.xtec.cat\/iesdecelra\/?p=3731"},"modified":"2020-07-06T17:46:27","modified_gmt":"2020-07-06T15:46:27","slug":"relleu-de-lequip-directiu-sumem-tots","status":"publish","type":"post","link":"https:\/\/agora.xtec.cat\/iesdecelra\/actualitat\/relleu-de-lequip-directiu-sumem-tots\/","title":{"rendered":"RELLEU DE L&#8217;EQUIP DIRECTIU: &#8220;Sumem tots!&#8221;"},"content":{"rendered":"<p style=\"text-align: justify;\"><span style=\"font-weight: 400;\">El passat 30 de juny es va acabar el mandat de l\u2019equip que al llarg dels darrers 10 anys ha estat al capdavant de l\u2019Institut de Celr\u00e0. Es tanca un per\u00edode de creixement quantitatiu &#8211; que arriba als 700 alumnes escolaritzats- i de transformaci\u00f3 organitzativa d\u2019acord amb el context derivat, entre altres factors, del desplegament de la \u201cLlei d\u2019Educaci\u00f3 de Catalunya\u201d.\u00a0<\/span><\/p>\n<p style=\"text-align: justify;\"><span style=\"font-weight: 400;\">Els que deixem la direcci\u00f3 ho fem molt contents tant de l\u2019evoluci\u00f3 seguida com de les potencialitats del moment actual que viu l\u2019institut. Ens plau manifestar el nostre agra\u00efment a tota la comunitat educativa per les moltes complicitats i col\u00b7laboracions rebudes. De manera especial als representants de l\u2019Associaci\u00f3 de Fam\u00edlies (AFA), als membres del\u00a0 Consell Escolar, als ajuntaments de la zona i a les moltes empreses que han col\u00b7laborat amb el centre al llarg d\u2019aquests 10 anys.\u00a0\u00a0<\/span><\/p>\n<p style=\"text-align: justify;\"><span style=\"font-weight: 400;\">Des de l&#8217;institut vam comen\u00e7ar a preparar el canvi d&#8217;equip amb molt temps d&#8217;antelaci\u00f3. Per tant, es tracta d&#8217;un relleu consensuat i planificat que, introduint els canvis que es consideri pertinents, acompanyar\u00e0 el desenvolupament de les actuals l\u00ednies de treball.<\/span><\/p>\n<p style=\"text-align: justify;\"><span style=\"font-weight: 400;\">Aix\u00ed doncs, aprofitem aquesta circular informativa per presentar-vos el nou equip:<\/span><\/p>\n<p style=\"text-align: justify;\"><span style=\"font-weight: 400;\">Directora: Laura Riera, professora de catal\u00e0<\/span><\/p>\n<p style=\"text-align: justify;\"><span style=\"font-weight: 400;\">Cap d&#8217;estudis: Jaume Pag\u00e8s, professor de matem\u00e0tiques<\/span><\/p>\n<p style=\"text-align: justify;\"><span style=\"font-weight: 400;\">Secret\u00e0ria: Eva Sala, professora de tecnologia<\/span><\/p>\n<p style=\"text-align: justify;\"><span style=\"font-weight: 400;\">Coordinadora pedag\u00f2gica: Cristina Puga, professora d&#8217;orientaci\u00f3 i psicopedagoga.<\/span><\/p>\n<p style=\"text-align: justify;\"><span style=\"font-weight: 400;\">Sabem que l&#8217;accentuada situaci\u00f3 d&#8217;incertesa derivada de l&#8217;evoluci\u00f3 del &#8220;covid 19&#8221; fa dif\u00edcil o molt dif\u00edcil la planificaci\u00f3 del curs 2020-21. El nou equip directiu comen\u00e7a doncs havent d&#8217;assumir una organitzaci\u00f3 i una gesti\u00f3 m\u00e9s que complexa. \u00c9s per aix\u00f2 que volem aprofitar el nostre comiat per demanar a tota la comunitat educativa de l&#8217;Institut de Celr\u00e0 que, ara m\u00e9s que mai, faci pinya amb el nou equip directiu. Ara toca que tots sumem!<\/span><\/p>\n<p style=\"text-align: justify;\"><span style=\"font-weight: 400;\">Ha estat un privilegi haver pogut col\u2022laborar durant 10 anys i des de la primera l\u00ednia en la construcci\u00f3 del que avui \u00e9s i representa l&#8217;Institut de Celr\u00e0.\u00a0<\/span><\/p>\n<p style=\"text-align: justify;\"><span style=\"font-weight: 400;\">Atentament,<\/span><\/p>\n<p style=\"text-align: justify;\"><span style=\"font-weight: 400;\">N\u00faria Orts, ex-cap d&#8217;estudis<\/span><\/p>\n<p style=\"text-align: justify;\"><span style=\"font-weight: 400;\">Cristina Salv\u00e0, ex-coordinadora pedag\u00f2gica<\/span><\/p>\n<p style=\"text-align: justify;\"><span style=\"font-weight: 400;\">Olga Soler, exsecret\u00e0ria<\/span><\/p>\n<p style=\"text-align: justify;\"><span style=\"font-weight: 400;\">Josep Vila,\u00a0 exdirector<\/span><\/p>\n<p style=\"text-align: justify;\">\n","protected":false},"excerpt":{"rendered":"<p>El passat 30 de juny es va acabar el mandat de l\u2019equip que al llarg dels darrers 10 anys ha estat al capdavant de l\u2019Institut de Celr\u00e0. Es tanca un per\u00edode de creixement quantitatiu &#8211; que arriba als 700 alumnes escolaritzats- i de transformaci\u00f3 organitzativa&hellip;  <a href=\"https:\/\/agora.xtec.cat\/iesdecelra\/actualitat\/relleu-de-lequip-directiu-sumem-tots\/\" title=\"Read RELLEU DE L&#8217;EQUIP DIRECTIU: &#8220;Sumem tots!&#8221;\">Llegeix m\u00e9s\u00bb<\/a><\/p>\n","protected":false},"author":1,"featured_media":3732,"comment_status":"open","ping_status":"closed","sticky":false,"template":"","format":"standard","meta":{"_bbp_topic_count":0,"_bbp_reply_count":0,"_bbp_total_topic_count":0,"_bbp_total_reply_count":0,"_bbp_voice_count":0,"_bbp_anonymous_reply_count":0,"_bbp_topic_count_hidden":0,"_bbp_reply_count_hidden":0,"_bbp_forum_subforum_count":0,"footnotes":""},"categories":[103],"tags":[239,288],"class_list":["post-3731","post","type-post","status-publish","format-standard","has-post-thumbnail","hentry","category-actualitat","tag-curs-2019-2020","tag-equip-directiu"],"post_mailing_queue_ids":[],"_links":{"self":[{"href":"https:\/\/agora.xtec.cat\/iesdecelra\/wp-json\/wp\/v2\/posts\/3731","targetHints":{"allow":["GET"]}}],"collection":[{"href":"https:\/\/agora.xtec.cat\/iesdecelra\/wp-json\/wp\/v2\/posts"}],"about":[{"href":"https:\/\/agora.xtec.cat\/iesdecelra\/wp-json\/wp\/v2\/types\/post"}],"author":[{"embeddable":true,"href":"https:\/\/agora.xtec.cat\/iesdecelra\/wp-json\/wp\/v2\/users\/1"}],"replies":[{"embeddable":true,"href":"https:\/\/agora.xtec.cat\/iesdecelra\/wp-json\/wp\/v2\/comments?post=3731"}],"version-history":[{"count":2,"href":"https:\/\/agora.xtec.cat\/iesdecelra\/wp-json\/wp\/v2\/posts\/3731\/revisions"}],"predecessor-version":[{"id":3734,"href":"https:\/\/agora.xtec.cat\/iesdecelra\/wp-json\/wp\/v2\/posts\/3731\/revisions\/3734"}],"wp:featuredmedia":[{"embeddable":true,"href":"https:\/\/agora.xtec.cat\/iesdecelra\/wp-json\/wp\/v2\/media\/3732"}],"wp:attachment":[{"href":"https:\/\/agora.xtec.cat\/iesdecelra\/wp-json\/wp\/v2\/media?parent=3731"}],"wp:term":[{"taxonomy":"category","embeddable":true,"href":"https:\/\/agora.xtec.cat\/iesdecelra\/wp-json\/wp\/v2\/categories?post=3731"},{"taxonomy":"post_tag","embeddable":true,"href":"https:\/\/agora.xtec.cat\/iesdecelra\/wp-json\/wp\/v2\/tags?post=3731"}],"curies":[{"name":"wp","href":"https:\/\/api.w.org\/{rel}","templated":true}]}}