{"id":3712,"date":"2020-06-22T08:58:11","date_gmt":"2020-06-22T06:58:11","guid":{"rendered":"http:\/\/agora.xtec.cat\/iesdecelra\/?p=3712"},"modified":"2025-11-27T10:55:57","modified_gmt":"2025-11-27T09:55:57","slug":"blacklivesmatter","status":"publish","type":"post","link":"https:\/\/agora.xtec.cat\/iesdecelra\/general\/blacklivesmatter\/","title":{"rendered":"#blacklivesmatter"},"content":{"rendered":"<p>Recentment el m\u00f3n ha estat testimoni de la pol\u00e8mica mort de George Floyd. Des de l&#8217;assignatura de Castell\u00e0, els alumnes de 2n d&#8217;ESO i les professores han compartit v\u00eddeos entre ells on, despr\u00e9s de visualitzar el curtmetratge <i>Doll Test &#8211; Los efectos del racismo en los ni\u00f1os<\/i>, expressen la seva opini\u00f3 sobre aquest succ\u00e9s i el racisme en general. Us compartim alguns exemples de textos d&#8217;opini\u00f3 orals.<\/p>\n<p><iframe loading=\"lazy\" title=\"#blacklivesmatter 4\" width=\"500\" height=\"281\" src=\"https:\/\/www.youtube.com\/embed\/Y74aMZZt-IE?feature=oembed\" frameborder=\"0\" allow=\"accelerometer; autoplay; clipboard-write; encrypted-media; gyroscope; picture-in-picture; web-share\" referrerpolicy=\"strict-origin-when-cross-origin\" allowfullscreen><\/iframe><\/p>\n<p><iframe loading=\"lazy\" title=\"#blacklivesmatter 2\" width=\"500\" height=\"281\" src=\"https:\/\/www.youtube.com\/embed\/BtA8iZEZNn8?feature=oembed\" frameborder=\"0\" allow=\"accelerometer; autoplay; clipboard-write; encrypted-media; gyroscope; picture-in-picture; web-share\" referrerpolicy=\"strict-origin-when-cross-origin\" allowfullscreen><\/iframe><\/p>\n<p><iframe loading=\"lazy\" title=\"#blacklivesmatter 1\" width=\"500\" height=\"281\" src=\"https:\/\/www.youtube.com\/embed\/YC5OpUmnstU?feature=oembed\" frameborder=\"0\" allow=\"accelerometer; autoplay; clipboard-write; encrypted-media; gyroscope; picture-in-picture; web-share\" referrerpolicy=\"strict-origin-when-cross-origin\" allowfullscreen><\/iframe><\/p>\n<p>&nbsp;<\/p>\n","protected":false},"excerpt":{"rendered":"<p>Recentment el m\u00f3n ha estat testimoni de la pol\u00e8mica mort de George Floyd. Des de l&#8217;assignatura de Castell\u00e0, els alumnes de 2n d&#8217;ESO i les professores han compartit v\u00eddeos entre ells on, despr\u00e9s de visualitzar el curtmetratge Doll Test &#8211; Los efectos del racismo en&hellip;  <a href=\"https:\/\/agora.xtec.cat\/iesdecelra\/general\/blacklivesmatter\/\" title=\"Read #blacklivesmatter\">Llegeix m\u00e9s\u00bb<\/a><\/p>\n","protected":false},"author":1,"featured_media":3713,"comment_status":"closed","ping_status":"closed","sticky":false,"template":"","format":"standard","meta":{"_bbp_topic_count":0,"_bbp_reply_count":0,"_bbp_total_topic_count":0,"_bbp_total_reply_count":0,"_bbp_voice_count":0,"_bbp_anonymous_reply_count":0,"_bbp_topic_count_hidden":0,"_bbp_reply_count_hidden":0,"_bbp_forum_subforum_count":0,"footnotes":""},"categories":[182,1],"tags":[286,239,234,287],"class_list":["post-3712","post","type-post","status-publish","format-standard","has-post-thumbnail","hentry","category-aparador-de-textos","category-general","tag-castella","tag-curs-2019-2020","tag-text-dopinio","tag-textos-2n-eso"],"post_mailing_queue_ids":[],"_links":{"self":[{"href":"https:\/\/agora.xtec.cat\/iesdecelra\/wp-json\/wp\/v2\/posts\/3712","targetHints":{"allow":["GET"]}}],"collection":[{"href":"https:\/\/agora.xtec.cat\/iesdecelra\/wp-json\/wp\/v2\/posts"}],"about":[{"href":"https:\/\/agora.xtec.cat\/iesdecelra\/wp-json\/wp\/v2\/types\/post"}],"author":[{"embeddable":true,"href":"https:\/\/agora.xtec.cat\/iesdecelra\/wp-json\/wp\/v2\/users\/1"}],"replies":[{"embeddable":true,"href":"https:\/\/agora.xtec.cat\/iesdecelra\/wp-json\/wp\/v2\/comments?post=3712"}],"version-history":[{"count":2,"href":"https:\/\/agora.xtec.cat\/iesdecelra\/wp-json\/wp\/v2\/posts\/3712\/revisions"}],"predecessor-version":[{"id":13103,"href":"https:\/\/agora.xtec.cat\/iesdecelra\/wp-json\/wp\/v2\/posts\/3712\/revisions\/13103"}],"wp:featuredmedia":[{"embeddable":true,"href":"https:\/\/agora.xtec.cat\/iesdecelra\/wp-json\/wp\/v2\/media\/3713"}],"wp:attachment":[{"href":"https:\/\/agora.xtec.cat\/iesdecelra\/wp-json\/wp\/v2\/media?parent=3712"}],"wp:term":[{"taxonomy":"category","embeddable":true,"href":"https:\/\/agora.xtec.cat\/iesdecelra\/wp-json\/wp\/v2\/categories?post=3712"},{"taxonomy":"post_tag","embeddable":true,"href":"https:\/\/agora.xtec.cat\/iesdecelra\/wp-json\/wp\/v2\/tags?post=3712"}],"curies":[{"name":"wp","href":"https:\/\/api.w.org\/{rel}","templated":true}]}}