{"id":3678,"date":"2020-06-14T09:02:01","date_gmt":"2020-06-14T07:02:01","guid":{"rendered":"http:\/\/agora.xtec.cat\/iesdecelra\/?p=3678"},"modified":"2020-06-14T09:02:01","modified_gmt":"2020-06-14T07:02:01","slug":"joguines-creades-a-3r-deso","status":"publish","type":"post","link":"https:\/\/agora.xtec.cat\/iesdecelra\/cursos\/eso\/eso-3\/joguines-creades-a-3r-deso\/","title":{"rendered":"JOGUINES CREADES A 3r d&#8217;ESO"},"content":{"rendered":"<p>A la mat\u00e8ria de tecnologia, els alumnes de 3r d&#8217;ESO, seguint el proc\u00e9s tecnol\u00f2gic, han dissenyat i constru\u00eft una joguina que cont\u00e9 algun mecanisme de transmissi\u00f3 de moviment. A continuaci\u00f3, en podeu veure el resultat.<\/p>\n<p><iframe loading=\"lazy\" title=\"VIDEOS JOGUINA. Projecte tecnologia 3r d&#039;ESO\" width=\"500\" height=\"281\" src=\"https:\/\/www.youtube.com\/embed\/WY4AoX5I1-U?feature=oembed\" frameborder=\"0\" allow=\"accelerometer; autoplay; clipboard-write; encrypted-media; gyroscope; picture-in-picture; web-share\" referrerpolicy=\"strict-origin-when-cross-origin\" allowfullscreen><\/iframe><\/p>\n","protected":false},"excerpt":{"rendered":"<p>A la mat\u00e8ria de tecnologia, els alumnes de 3r d&#8217;ESO, seguint el proc\u00e9s tecnol\u00f2gic, han dissenyat i constru\u00eft una joguina que cont\u00e9 algun mecanisme de transmissi\u00f3 de moviment. A continuaci\u00f3, en podeu veure el resultat.<\/p>\n","protected":false},"author":1,"featured_media":3679,"comment_status":"open","ping_status":"closed","sticky":false,"template":"","format":"standard","meta":{"_bbp_topic_count":0,"_bbp_reply_count":0,"_bbp_total_topic_count":0,"_bbp_total_reply_count":0,"_bbp_voice_count":0,"_bbp_anonymous_reply_count":0,"_bbp_topic_count_hidden":0,"_bbp_reply_count_hidden":0,"_bbp_forum_subforum_count":0,"footnotes":""},"categories":[103,6],"tags":[239,209],"class_list":["post-3678","post","type-post","status-publish","format-standard","has-post-thumbnail","hentry","category-actualitat","category-eso-3","tag-curs-2019-2020","tag-departament-de-tecnologia"],"post_mailing_queue_ids":[],"_links":{"self":[{"href":"https:\/\/agora.xtec.cat\/iesdecelra\/wp-json\/wp\/v2\/posts\/3678","targetHints":{"allow":["GET"]}}],"collection":[{"href":"https:\/\/agora.xtec.cat\/iesdecelra\/wp-json\/wp\/v2\/posts"}],"about":[{"href":"https:\/\/agora.xtec.cat\/iesdecelra\/wp-json\/wp\/v2\/types\/post"}],"author":[{"embeddable":true,"href":"https:\/\/agora.xtec.cat\/iesdecelra\/wp-json\/wp\/v2\/users\/1"}],"replies":[{"embeddable":true,"href":"https:\/\/agora.xtec.cat\/iesdecelra\/wp-json\/wp\/v2\/comments?post=3678"}],"version-history":[{"count":1,"href":"https:\/\/agora.xtec.cat\/iesdecelra\/wp-json\/wp\/v2\/posts\/3678\/revisions"}],"predecessor-version":[{"id":3680,"href":"https:\/\/agora.xtec.cat\/iesdecelra\/wp-json\/wp\/v2\/posts\/3678\/revisions\/3680"}],"wp:featuredmedia":[{"embeddable":true,"href":"https:\/\/agora.xtec.cat\/iesdecelra\/wp-json\/wp\/v2\/media\/3679"}],"wp:attachment":[{"href":"https:\/\/agora.xtec.cat\/iesdecelra\/wp-json\/wp\/v2\/media?parent=3678"}],"wp:term":[{"taxonomy":"category","embeddable":true,"href":"https:\/\/agora.xtec.cat\/iesdecelra\/wp-json\/wp\/v2\/categories?post=3678"},{"taxonomy":"post_tag","embeddable":true,"href":"https:\/\/agora.xtec.cat\/iesdecelra\/wp-json\/wp\/v2\/tags?post=3678"}],"curies":[{"name":"wp","href":"https:\/\/api.w.org\/{rel}","templated":true}]}}