{"id":3614,"date":"2020-06-05T13:27:24","date_gmt":"2020-06-05T11:27:24","guid":{"rendered":"http:\/\/agora.xtec.cat\/iesdecelra\/?p=3614"},"modified":"2020-06-05T13:47:47","modified_gmt":"2020-06-05T11:47:47","slug":"programa-de-mobilitat-mobisudnord","status":"publish","type":"post","link":"https:\/\/agora.xtec.cat\/iesdecelra\/cursos\/eso\/eso-4\/programa-de-mobilitat-mobisudnord\/","title":{"rendered":"PROGRAMA DE MOBILITAT MOBISUDNORD"},"content":{"rendered":"<div dir=\"ltr\">\n<p dir=\"auto\" style=\"text-align: justify;\">Bonjour \u00e0 tous,<\/p>\n<p dir=\"auto\" style=\"text-align: justify;\">comme professeur de fran\u00e7ais du lyc\u00e9e de Celr\u00e0 je voulais vous informer d&#8217;un Programme qu&#8217;on a r\u00e9alis\u00e9 au long de cette ann\u00e9e scolaire 2019-2020.C&#8217;est un programme d&#8217;\u00e9change d&#8217;\u00e9l\u00e8ves de 4e ann\u00e9e d&#8217;ESO des lyc\u00e9es catalans et fran\u00e7ais qui ont pour but de d\u00e9velopper les\u00a0comp\u00e9tences ling\u00fc\u00edstiques (fran\u00e7ais- espagnol) des participants. \u00c9galement cet \u00e9change permet une meilleure connaissance des deux territoires et leurs cultures.\u00a0Le programme a une dur\u00e9e de 4 semaines dans un \u00e9tablissement en France pour l&#8217;\u00e9l\u00e8ve catalan et 4 semaines dans un \u00e9tablissement de Catalogne pour l&#8217;\u00e9l\u00e8ve fran\u00e7ais.\u00a0Les \u00e9l\u00e8ves sont accueillis par les familles des participants et celles-ci doivent promouvoir la communication entre les adolescents et prendre soin d&#8217;eux.\u00a0On remercie la participation de l&#8217;\u00e9l\u00e8ve Isaac Barro et l&#8217;implication de sa famille dans cette premi\u00e8re ann\u00e9e d&#8217;\u00e9change et on encourage \u00e0 d&#8217;autres \u00e9l\u00e8ves \u00e0 s&#8217;y inscrire l&#8217;ann\u00e9e prochaine!<\/p>\n<p dir=\"auto\" style=\"text-align: justify;\">Bon dia a tothom,\u00a0Com a professora de franc\u00e8s de l&#8217;institut de Celr\u00e0 us volia informar d&#8217;un programa que hem realitzat aquest curs escolar 2019-2020.\u00c9s un programa d&#8217;intercanvi d&#8217;alumnes de 4t d&#8217;ESO d&#8217;instituts catalans i francesos que t\u00e9 com a objectiu desenvolupar les compet\u00e8ncies ling\u00fc\u00edstiques (del franc\u00e8s i el castell\u00e0) dels participants. Aquest intercanvi tamb\u00e9 permet con\u00e8ixer els dos territoris i les seves cultures.\u00a0El programa t\u00e9 una durada de 4 setmanes en un institut franc\u00e8s per a l&#8217;alumne de Catalunya i 4 setmanes en un institut catal\u00e0 per a l&#8217;alumne franc\u00e8s.\u00a0Les fam\u00edlies dels participants que acullen els alumnes han de promoure la comunicaci\u00f3 entre els adolescents, tenir cura d&#8217;ells i vetllar per la seva integraci\u00f3 durant l&#8217;estada.\u00a0Agra\u00efm la participaci\u00f3 de l&#8217;alumne Isaac Barro i la implicaci\u00f3 de la seva fam\u00edlia en aquest primer any d&#8217;intercanvi i volem animar a d&#8217;altres alumnes a inscriure&#8217;s el curs vinent!<\/p>\n<p dir=\"auto\" style=\"text-align: justify;\">Sabine Iturat<\/p>\n<p>&nbsp;<\/p>\n<p dir=\"auto\" style=\"text-align: justify;\"><i><a href=\"https:\/\/agora.xtec.cat\/iesdecelra\/wp-content\/uploads\/usu1789\/2020\/06\/IMG-20200330-WA0024.jpg\"><img loading=\"lazy\" decoding=\"async\" class=\" wp-image-3616 alignright\" src=\"https:\/\/agora.xtec.cat\/iesdecelra\/wp-content\/uploads\/usu1789\/2020\/06\/IMG-20200330-WA0024.jpg\" alt=\"\" width=\"215\" height=\"345\" srcset=\"https:\/\/agora.xtec.cat\/iesdecelra\/wp-content\/uploads\/usu1789\/2020\/06\/IMG-20200330-WA0024.jpg 258w, https:\/\/agora.xtec.cat\/iesdecelra\/wp-content\/uploads\/usu1789\/2020\/06\/IMG-20200330-WA0024-187x300.jpg 187w\" sizes=\"auto, (max-width: 215px) 100vw, 215px\" \/><\/a>Valoro la experiencia muy positivamente.\u00a0<\/i><i>Aparte de los m\u00faltiples conocimientos en relaci\u00f3n a la lengua francesa que he adquirido, he podido viajar y conocer un sitio que no conoc\u00eda y que me ha parecido precioso.<\/i><i>Tambi\u00e9n he hecho muy buenas migas con Marcel, cosa que sin duda ha ayudado a hacer esta vivencia m\u00e1s enriquecedora.<\/i><\/p>\n<p dir=\"auto\" style=\"text-align: justify;\">Isaac Barro (\u00e9l\u00e8ve de 4e ann\u00e9e d&#8217;ESO de l&#8217;INS de Celr\u00e0)<\/p>\n<p dir=\"auto\" style=\"text-align: justify;\"><a href=\"https:\/\/agora.xtec.cat\/iesdecelra\/wp-content\/uploads\/usu1789\/2020\/06\/IMG-20200330-WA0025.jpg\"><img loading=\"lazy\" decoding=\"async\" class=\"wp-image-3617 alignleft\" src=\"https:\/\/agora.xtec.cat\/iesdecelra\/wp-content\/uploads\/usu1789\/2020\/06\/IMG-20200330-WA0025.jpg\" alt=\"\" width=\"205\" height=\"179\" srcset=\"https:\/\/agora.xtec.cat\/iesdecelra\/wp-content\/uploads\/usu1789\/2020\/06\/IMG-20200330-WA0025.jpg 404w, https:\/\/agora.xtec.cat\/iesdecelra\/wp-content\/uploads\/usu1789\/2020\/06\/IMG-20200330-WA0025-300x262.jpg 300w\" sizes=\"auto, (max-width: 205px) 100vw, 205px\" \/><\/a><\/p>\n<\/div>\n","protected":false},"excerpt":{"rendered":"<p>Bonjour \u00e0 tous,<br \/>\ncomme professeur de fran\u00e7ais du lyc\u00e9e de Celr\u00e0 je voulais vous informer d&#8217;un Programme qu&#8217;on a r\u00e9alis\u00e9 au long de cette ann\u00e9e scolaire 2019-2020.C&#8217;est un programme d&#8217;\u00e9change d&#8217;\u00e9l\u00e8ves de 4e ann\u00e9e d&#8217;ESO des lyc\u00e9es catalans et fran\u00e7ais qui ont pour but de d\u00e9velopper&hellip;  <a href=\"https:\/\/agora.xtec.cat\/iesdecelra\/cursos\/eso\/eso-4\/programa-de-mobilitat-mobisudnord\/\" title=\"Read PROGRAMA DE MOBILITAT MOBISUDNORD\">Llegeix m\u00e9s\u00bb<\/a><\/p>\n","protected":false},"author":1,"featured_media":3616,"comment_status":"open","ping_status":"closed","sticky":false,"template":"","format":"standard","meta":{"_bbp_topic_count":0,"_bbp_reply_count":0,"_bbp_total_topic_count":0,"_bbp_total_reply_count":0,"_bbp_voice_count":0,"_bbp_anonymous_reply_count":0,"_bbp_topic_count_hidden":0,"_bbp_reply_count_hidden":0,"_bbp_forum_subforum_count":0,"footnotes":""},"categories":[103,7],"tags":[239,160,185,262],"class_list":["post-3614","post","type-post","status-publish","format-standard","has-post-thumbnail","hentry","category-actualitat","category-eso-4","tag-curs-2019-2020","tag-departament-llengues-estrangeres","tag-frances","tag-intercanvi"],"post_mailing_queue_ids":[],"_links":{"self":[{"href":"https:\/\/agora.xtec.cat\/iesdecelra\/wp-json\/wp\/v2\/posts\/3614","targetHints":{"allow":["GET"]}}],"collection":[{"href":"https:\/\/agora.xtec.cat\/iesdecelra\/wp-json\/wp\/v2\/posts"}],"about":[{"href":"https:\/\/agora.xtec.cat\/iesdecelra\/wp-json\/wp\/v2\/types\/post"}],"author":[{"embeddable":true,"href":"https:\/\/agora.xtec.cat\/iesdecelra\/wp-json\/wp\/v2\/users\/1"}],"replies":[{"embeddable":true,"href":"https:\/\/agora.xtec.cat\/iesdecelra\/wp-json\/wp\/v2\/comments?post=3614"}],"version-history":[{"count":2,"href":"https:\/\/agora.xtec.cat\/iesdecelra\/wp-json\/wp\/v2\/posts\/3614\/revisions"}],"predecessor-version":[{"id":3619,"href":"https:\/\/agora.xtec.cat\/iesdecelra\/wp-json\/wp\/v2\/posts\/3614\/revisions\/3619"}],"wp:featuredmedia":[{"embeddable":true,"href":"https:\/\/agora.xtec.cat\/iesdecelra\/wp-json\/wp\/v2\/media\/3616"}],"wp:attachment":[{"href":"https:\/\/agora.xtec.cat\/iesdecelra\/wp-json\/wp\/v2\/media?parent=3614"}],"wp:term":[{"taxonomy":"category","embeddable":true,"href":"https:\/\/agora.xtec.cat\/iesdecelra\/wp-json\/wp\/v2\/categories?post=3614"},{"taxonomy":"post_tag","embeddable":true,"href":"https:\/\/agora.xtec.cat\/iesdecelra\/wp-json\/wp\/v2\/tags?post=3614"}],"curies":[{"name":"wp","href":"https:\/\/api.w.org\/{rel}","templated":true}]}}