{"id":3546,"date":"2020-05-20T10:17:45","date_gmt":"2020-05-20T08:17:45","guid":{"rendered":"http:\/\/agora.xtec.cat\/iesdecelra\/?p=3546"},"modified":"2020-05-21T10:21:42","modified_gmt":"2020-05-21T08:21:42","slug":"benvinguda-alumnes-de-6e","status":"publish","type":"post","link":"https:\/\/agora.xtec.cat\/iesdecelra\/cursos\/eso\/eso-1\/benvinguda-alumnes-de-6e\/","title":{"rendered":"BENVINGUDA ALUMNES DE 6\u00e8"},"content":{"rendered":"<p style=\"text-align: justify;\">Cada any els delegats de 1r d&#8217;ESO s&#8217;encarregaven de donar la benvinguda al centre als alumnes que feien 6\u00e8. En una jornada que combinava activitats de coneixen\u00e7a, presentaci\u00f3 del centre, resposta als dubtes dels alumnes, etc.\u00a0 s&#8217;apropava el dia a dia de l&#8217;Institut de Celr\u00e0 als estudiants que el setembre s&#8217;havien d&#8217;incorporar a les nostres aules.<\/p>\n<p style=\"text-align: justify;\">Aquest curs, el tancament dels centres a causa de la pand\u00e8mia ha impedit fer aquest acompanyament, per\u00f2 alumnes de 1r i 2n d&#8217;ESO han col\u00b7laborat en l&#8217;elaboraci\u00f3 d&#8217;un petit v\u00eddeo de presentaci\u00f3 de l&#8217;Institut de Celr\u00e0 que hem fet arribar a totes les escoles.<\/p>\n<p><iframe loading=\"lazy\" title=\"BENVINGUDA ALUMNES 6e\u0300 DEFINITIU\" width=\"500\" height=\"281\" src=\"https:\/\/www.youtube.com\/embed\/-Crk8FWOyyI?feature=oembed\" frameborder=\"0\" allow=\"accelerometer; autoplay; clipboard-write; encrypted-media; gyroscope; picture-in-picture; web-share\" referrerpolicy=\"strict-origin-when-cross-origin\" allowfullscreen><\/iframe><\/p>\n<p>&nbsp;<\/p>\n","protected":false},"excerpt":{"rendered":"<p>Cada any els delegats de 1r d&#8217;ESO s&#8217;encarregaven de donar la benvinguda al centre als alumnes que feien 6\u00e8. En una jornada que combinava activitats de coneixen\u00e7a, presentaci\u00f3 del centre, resposta als dubtes dels alumnes, etc.\u00a0 s&#8217;apropava el dia a dia de l&#8217;Institut de Celr\u00e0&hellip;  <a href=\"https:\/\/agora.xtec.cat\/iesdecelra\/cursos\/eso\/eso-1\/benvinguda-alumnes-de-6e\/\" title=\"Read BENVINGUDA ALUMNES DE 6\u00e8\">Llegeix m\u00e9s\u00bb<\/a><\/p>\n","protected":false},"author":1,"featured_media":3548,"comment_status":"open","ping_status":"closed","sticky":false,"template":"","format":"standard","meta":{"_bbp_topic_count":0,"_bbp_reply_count":0,"_bbp_total_topic_count":0,"_bbp_total_reply_count":0,"_bbp_voice_count":0,"_bbp_anonymous_reply_count":0,"_bbp_topic_count_hidden":0,"_bbp_reply_count_hidden":0,"_bbp_forum_subforum_count":0,"footnotes":""},"categories":[103,4,5],"tags":[239,212],"class_list":["post-3546","post","type-post","status-publish","format-standard","has-post-thumbnail","hentry","category-actualitat","category-eso-1","category-eso-2","tag-curs-2019-2020","tag-em-faig-gran"],"post_mailing_queue_ids":[],"_links":{"self":[{"href":"https:\/\/agora.xtec.cat\/iesdecelra\/wp-json\/wp\/v2\/posts\/3546","targetHints":{"allow":["GET"]}}],"collection":[{"href":"https:\/\/agora.xtec.cat\/iesdecelra\/wp-json\/wp\/v2\/posts"}],"about":[{"href":"https:\/\/agora.xtec.cat\/iesdecelra\/wp-json\/wp\/v2\/types\/post"}],"author":[{"embeddable":true,"href":"https:\/\/agora.xtec.cat\/iesdecelra\/wp-json\/wp\/v2\/users\/1"}],"replies":[{"embeddable":true,"href":"https:\/\/agora.xtec.cat\/iesdecelra\/wp-json\/wp\/v2\/comments?post=3546"}],"version-history":[{"count":2,"href":"https:\/\/agora.xtec.cat\/iesdecelra\/wp-json\/wp\/v2\/posts\/3546\/revisions"}],"predecessor-version":[{"id":3549,"href":"https:\/\/agora.xtec.cat\/iesdecelra\/wp-json\/wp\/v2\/posts\/3546\/revisions\/3549"}],"wp:featuredmedia":[{"embeddable":true,"href":"https:\/\/agora.xtec.cat\/iesdecelra\/wp-json\/wp\/v2\/media\/3548"}],"wp:attachment":[{"href":"https:\/\/agora.xtec.cat\/iesdecelra\/wp-json\/wp\/v2\/media?parent=3546"}],"wp:term":[{"taxonomy":"category","embeddable":true,"href":"https:\/\/agora.xtec.cat\/iesdecelra\/wp-json\/wp\/v2\/categories?post=3546"},{"taxonomy":"post_tag","embeddable":true,"href":"https:\/\/agora.xtec.cat\/iesdecelra\/wp-json\/wp\/v2\/tags?post=3546"}],"curies":[{"name":"wp","href":"https:\/\/api.w.org\/{rel}","templated":true}]}}