{"id":3516,"date":"2020-05-13T23:35:33","date_gmt":"2020-05-13T21:35:33","guid":{"rendered":"http:\/\/agora.xtec.cat\/iesdecelra\/?p=3516"},"modified":"2020-05-13T23:35:33","modified_gmt":"2020-05-13T21:35:33","slug":"emocions-en-confinament","status":"publish","type":"post","link":"https:\/\/agora.xtec.cat\/iesdecelra\/cursos\/eso\/eso-2\/emocions-en-confinament\/","title":{"rendered":"EMOCIONS EN CONFINAMENT"},"content":{"rendered":"<p>Quines emocions desaquem d&#8217;aquestes setmanes en confinament? Des <span class=\"il\">de<\/span> la mat\u00e8ria <span class=\"il\">de<\/span> Llengua Castellana <span class=\"il\">de<\/span> 2n d&#8217;ESO es va proposar una activitat en qu\u00e8 els alumnes, fent servir els n\u00favols de paraules, posaven nom a les emocions.<\/p>\n<p>En el v\u00eddeo seg\u00fcent presentem una mostra dels resultats amb exemples de tots els grups.<\/p>\n<p>&nbsp;<\/p>\n<p><iframe loading=\"lazy\" title=\"NUBE DE PALABRAS\" width=\"500\" height=\"281\" src=\"https:\/\/www.youtube.com\/embed\/MnhHO8iwAss?feature=oembed\" frameborder=\"0\" allow=\"accelerometer; autoplay; clipboard-write; encrypted-media; gyroscope; picture-in-picture; web-share\" referrerpolicy=\"strict-origin-when-cross-origin\" allowfullscreen><\/iframe><\/p>\n","protected":false},"excerpt":{"rendered":"<p>Quines emocions desaquem d&#8217;aquestes setmanes en confinament? Des de la mat\u00e8ria de Llengua Castellana de 2n d&#8217;ESO es va proposar una activitat en qu\u00e8 els alumnes, fent servir els n\u00favols de paraules, posaven nom a les emocions.<br \/>\nEn el v\u00eddeo seg\u00fcent presentem una mostra dels resultats&hellip;  <a href=\"https:\/\/agora.xtec.cat\/iesdecelra\/cursos\/eso\/eso-2\/emocions-en-confinament\/\" title=\"Read EMOCIONS EN CONFINAMENT\">Llegeix m\u00e9s\u00bb<\/a><\/p>\n","protected":false},"author":1,"featured_media":3514,"comment_status":"open","ping_status":"closed","sticky":false,"template":"","format":"standard","meta":{"_bbp_topic_count":0,"_bbp_reply_count":0,"_bbp_total_topic_count":0,"_bbp_total_reply_count":0,"_bbp_voice_count":0,"_bbp_anonymous_reply_count":0,"_bbp_topic_count_hidden":0,"_bbp_reply_count_hidden":0,"_bbp_forum_subforum_count":0,"footnotes":""},"categories":[103,5],"tags":[280,239,282,281],"class_list":["post-3516","post","type-post","status-publish","format-standard","has-post-thumbnail","hentry","category-actualitat","category-eso-2","tag-confinament","tag-curs-2019-2020","tag-departament-de-llengua-castellana","tag-emocions"],"post_mailing_queue_ids":[],"_links":{"self":[{"href":"https:\/\/agora.xtec.cat\/iesdecelra\/wp-json\/wp\/v2\/posts\/3516","targetHints":{"allow":["GET"]}}],"collection":[{"href":"https:\/\/agora.xtec.cat\/iesdecelra\/wp-json\/wp\/v2\/posts"}],"about":[{"href":"https:\/\/agora.xtec.cat\/iesdecelra\/wp-json\/wp\/v2\/types\/post"}],"author":[{"embeddable":true,"href":"https:\/\/agora.xtec.cat\/iesdecelra\/wp-json\/wp\/v2\/users\/1"}],"replies":[{"embeddable":true,"href":"https:\/\/agora.xtec.cat\/iesdecelra\/wp-json\/wp\/v2\/comments?post=3516"}],"version-history":[{"count":1,"href":"https:\/\/agora.xtec.cat\/iesdecelra\/wp-json\/wp\/v2\/posts\/3516\/revisions"}],"predecessor-version":[{"id":3517,"href":"https:\/\/agora.xtec.cat\/iesdecelra\/wp-json\/wp\/v2\/posts\/3516\/revisions\/3517"}],"wp:featuredmedia":[{"embeddable":true,"href":"https:\/\/agora.xtec.cat\/iesdecelra\/wp-json\/wp\/v2\/media\/3514"}],"wp:attachment":[{"href":"https:\/\/agora.xtec.cat\/iesdecelra\/wp-json\/wp\/v2\/media?parent=3516"}],"wp:term":[{"taxonomy":"category","embeddable":true,"href":"https:\/\/agora.xtec.cat\/iesdecelra\/wp-json\/wp\/v2\/categories?post=3516"},{"taxonomy":"post_tag","embeddable":true,"href":"https:\/\/agora.xtec.cat\/iesdecelra\/wp-json\/wp\/v2\/tags?post=3516"}],"curies":[{"name":"wp","href":"https:\/\/api.w.org\/{rel}","templated":true}]}}