{"id":3436,"date":"2020-05-01T12:41:46","date_gmt":"2020-05-01T10:41:46","guid":{"rendered":"http:\/\/agora.xtec.cat\/iesdecelra\/?p=3436"},"modified":"2020-05-01T12:42:06","modified_gmt":"2020-05-01T10:42:06","slug":"video-mapping-de-festa-major-celra-sengalana","status":"publish","type":"post","link":"https:\/\/agora.xtec.cat\/iesdecelra\/cursos\/eso\/eso-1\/video-mapping-de-festa-major-celra-sengalana\/","title":{"rendered":"VIDEO MAPPING DE FESTA MAJOR: CELR\u00c0 S&#8217;ENGALANA"},"content":{"rendered":"<p style=\"text-align: justify;\">Des de l\u2019Institut de Celr\u00e0 volem participar a la Festa Major amb un v\u00eddeo-mapping confinat, projectat virtualment a la fa\u00e7ana del centre. Gr\u00e0cies a tot l\u2019alumnat de 1r d\u2019ESO i de l\u2019optativa de Dibuix de 4t que hi heu participat! Bona Festa Major!<\/p>\n<p>El <em>video mapping<\/em> o <em>videomapatge<\/em> \u00e9s una t\u00e8cnica de projecci\u00f3 utilitzada per a projectar imatges i objectes virtuals de dues o tres dimensions sobre qualsevol tipus de superf\u00edcie, es sol fer sobre fa\u00e7anes, o mobiliari urb\u00e0, gr\u00e0cies a un programari especialitzat.<\/p>\n<p><iframe loading=\"lazy\" title=\"Mapping en confinament a l&#039;Institut de Celr\u00e0. Maig 2020\" width=\"500\" height=\"281\" src=\"https:\/\/www.youtube.com\/embed\/MzRnGiu5Xvk?feature=oembed\" frameborder=\"0\" allow=\"accelerometer; autoplay; clipboard-write; encrypted-media; gyroscope; picture-in-picture; web-share\" referrerpolicy=\"strict-origin-when-cross-origin\" allowfullscreen><\/iframe><\/p>\n<p>&nbsp;<\/p>\n","protected":false},"excerpt":{"rendered":"<p>Des de l\u2019Institut de Celr\u00e0 volem participar a la Festa Major amb un v\u00eddeo-mapping confinat, projectat virtualment a la fa\u00e7ana del centre. Gr\u00e0cies a tot l\u2019alumnat de 1r d\u2019ESO i de l\u2019optativa de Dibuix de 4t que hi heu participat! Bona Festa Major!<br \/>\nEl video mapping&hellip;  <a href=\"https:\/\/agora.xtec.cat\/iesdecelra\/cursos\/eso\/eso-1\/video-mapping-de-festa-major-celra-sengalana\/\" title=\"Read VIDEO MAPPING DE FESTA MAJOR: CELR\u00c0 S&#8217;ENGALANA\">Llegeix m\u00e9s\u00bb<\/a><\/p>\n","protected":false},"author":1,"featured_media":3439,"comment_status":"open","ping_status":"closed","sticky":false,"template":"","format":"standard","meta":{"_bbp_topic_count":0,"_bbp_reply_count":0,"_bbp_total_topic_count":0,"_bbp_total_reply_count":0,"_bbp_voice_count":0,"_bbp_anonymous_reply_count":0,"_bbp_topic_count_hidden":0,"_bbp_reply_count_hidden":0,"_bbp_forum_subforum_count":0,"footnotes":""},"categories":[103,4,7],"tags":[276,239,254],"class_list":["post-3436","post","type-post","status-publish","format-standard","has-post-thumbnail","hentry","category-actualitat","category-eso-1","category-eso-4","tag-celra-sengalana","tag-curs-2019-2020","tag-departament-deducacio-visual-i-plastica"],"post_mailing_queue_ids":[],"_links":{"self":[{"href":"https:\/\/agora.xtec.cat\/iesdecelra\/wp-json\/wp\/v2\/posts\/3436","targetHints":{"allow":["GET"]}}],"collection":[{"href":"https:\/\/agora.xtec.cat\/iesdecelra\/wp-json\/wp\/v2\/posts"}],"about":[{"href":"https:\/\/agora.xtec.cat\/iesdecelra\/wp-json\/wp\/v2\/types\/post"}],"author":[{"embeddable":true,"href":"https:\/\/agora.xtec.cat\/iesdecelra\/wp-json\/wp\/v2\/users\/1"}],"replies":[{"embeddable":true,"href":"https:\/\/agora.xtec.cat\/iesdecelra\/wp-json\/wp\/v2\/comments?post=3436"}],"version-history":[{"count":3,"href":"https:\/\/agora.xtec.cat\/iesdecelra\/wp-json\/wp\/v2\/posts\/3436\/revisions"}],"predecessor-version":[{"id":3442,"href":"https:\/\/agora.xtec.cat\/iesdecelra\/wp-json\/wp\/v2\/posts\/3436\/revisions\/3442"}],"wp:featuredmedia":[{"embeddable":true,"href":"https:\/\/agora.xtec.cat\/iesdecelra\/wp-json\/wp\/v2\/media\/3439"}],"wp:attachment":[{"href":"https:\/\/agora.xtec.cat\/iesdecelra\/wp-json\/wp\/v2\/media?parent=3436"}],"wp:term":[{"taxonomy":"category","embeddable":true,"href":"https:\/\/agora.xtec.cat\/iesdecelra\/wp-json\/wp\/v2\/categories?post=3436"},{"taxonomy":"post_tag","embeddable":true,"href":"https:\/\/agora.xtec.cat\/iesdecelra\/wp-json\/wp\/v2\/tags?post=3436"}],"curies":[{"name":"wp","href":"https:\/\/api.w.org\/{rel}","templated":true}]}}