{"id":3395,"date":"2020-04-23T07:49:47","date_gmt":"2020-04-23T05:49:47","guid":{"rendered":"http:\/\/agora.xtec.cat\/iesdecelra\/?p=3395"},"modified":"2020-04-23T08:17:11","modified_gmt":"2020-04-23T06:17:11","slug":"textos-guanyadors-del-concurs-literari-sant-jordi-2020","status":"publish","type":"post","link":"https:\/\/agora.xtec.cat\/iesdecelra\/afa\/textos-guanyadors-del-concurs-literari-sant-jordi-2020\/","title":{"rendered":"TEXTOS GUANYADORS DEL CONCURS LITERARI SANT JORDI 2020"},"content":{"rendered":"<p>Fa uns dies us convid\u00e0vem a participar al concurs literari de Sant Jordi #santjordiacasa. Des del centre vam decidir tirar endavant el certamen i aix\u00f2 ha fet que els textos els h\u00e0gim rebut digitalment i que tant la reuni\u00f3 final del jurat com la publicaci\u00f3 del veredicte tamb\u00e9 s&#8217;hagin fet en aquest format.<\/p>\n<p><span style=\"font-family: inherit; font-size: 1em;\">En el v\u00eddeo seg\u00fcent coneixereu el jurat i els seus membres ens diran quins s\u00f3n els textos guanyadors i qu\u00e8 en destaquen.<\/span><\/p>\n<p><iframe loading=\"lazy\" title=\"Premis Sant Jordi Institut Celr\u00e0 2020\" width=\"500\" height=\"281\" src=\"https:\/\/www.youtube.com\/embed\/RZ7FFhV9UEw?feature=oembed\" frameborder=\"0\" allow=\"accelerometer; autoplay; clipboard-write; encrypted-media; gyroscope; picture-in-picture; web-share\" referrerpolicy=\"strict-origin-when-cross-origin\" allowfullscreen><\/iframe><\/p>\n<p>&nbsp;<\/p>\n<p>I podeu llegir els textos guanyadors si cliqueu sobre el t\u00edtol de la taula seg\u00fcent.<\/p>\n<table style=\"width: 781px;\" width=\"509\">\n<tbody>\n<tr>\n<td style=\"width: 775.455px; text-align: center;\" colspan=\"4\"><span style=\"font-size: 18pt;\"><strong>PREMIS SANT JORDI\u00a0\u00a0 Institut de Celr\u00e0<\/strong><\/span><\/td>\n<\/tr>\n<tr>\n<td style=\"width: 150px;\"><strong>CATAL\u00c0<\/strong><\/td>\n<td style=\"width: 337.273px;\"><\/td>\n<td style=\"width: 126.364px;\"><\/td>\n<td style=\"width: 156.364px;\"><\/td>\n<\/tr>\n<tr>\n<td style=\"width: 150px;\">cat A PROSA<\/td>\n<td style=\"width: 337.273px;\"><a href=\"https:\/\/drive.google.com\/file\/d\/1lnP8mhLSFl--leHnVI7p3MKM0Fk6c8EP\/view?usp=sharing\"><em>Un viatge pel bloc de pisos amb en Jordi<\/em><\/a><\/td>\n<td style=\"width: 126.364px;\">Aleix Serrat<\/td>\n<td style=\"width: 156.364px;\">1 eso A<\/td>\n<\/tr>\n<tr>\n<td style=\"width: 150px;\">cat A POESIA<\/td>\n<td style=\"width: 337.273px;\"><a href=\"https:\/\/drive.google.com\/file\/d\/1Uyiae3_M-a_WJcTQUWGC7uhx40xzphvd\/view?usp=sharing\"><em>El jard\u00ed<\/em><\/a><\/td>\n<td style=\"width: 126.364px;\">Ani Torras<\/td>\n<td style=\"width: 156.364px;\">2 eso E<\/td>\n<\/tr>\n<tr>\n<td style=\"width: 150px;\">cat B PROSA<\/td>\n<td style=\"width: 337.273px;\"><a href=\"https:\/\/drive.google.com\/file\/d\/1JQFZymHub4pXVI6AFwuUZIFbzfzqirNS\/view?usp=sharing\"><em>Una foto<\/em><\/a><\/td>\n<td style=\"width: 126.364px;\">Anna Figueras<\/td>\n<td style=\"width: 156.364px;\">4 eso C<\/td>\n<\/tr>\n<tr>\n<td style=\"width: 150px;\">acc\u00e8ssit<\/td>\n<td style=\"width: 337.273px;\"><a href=\"https:\/\/drive.google.com\/file\/d\/13PqgOAscUHDtODpuKzUO6nDfeO9hkDsi\/view?usp=sharing\"><em>El capvespre<\/em><\/a><\/td>\n<td style=\"width: 126.364px;\">Neus Colom\u00e9<\/td>\n<td style=\"width: 156.364px;\">4 eso E<\/td>\n<\/tr>\n<tr>\n<td style=\"width: 150px;\">cat B POESIA<\/td>\n<td style=\"width: 337.273px;\"><a href=\"https:\/\/drive.google.com\/file\/d\/1T7jfxybJQmm0TqaTaG7UxNhMAYI5jesC\/view?usp=sharing\"><em>Reclusi\u00f3<\/em><\/a><\/td>\n<td style=\"width: 126.364px;\">Arnau Cornell\u00e0<\/td>\n<td style=\"width: 156.364px;\">4 eso E<\/td>\n<\/tr>\n<tr>\n<td style=\"width: 150px;\"><\/td>\n<td style=\"width: 337.273px;\"><\/td>\n<td style=\"width: 126.364px;\"><\/td>\n<td style=\"width: 156.364px;\"><\/td>\n<\/tr>\n<tr>\n<td style=\"width: 150px;\"><strong>CASTELL\u00c0<\/strong><\/td>\n<td style=\"width: 337.273px;\"><\/td>\n<td style=\"width: 126.364px;\"><\/td>\n<td style=\"width: 156.364px;\"><\/td>\n<\/tr>\n<tr>\n<td style=\"width: 150px;\">cat A PROSA<\/td>\n<td style=\"width: 337.273px;\"><a href=\"https:\/\/drive.google.com\/file\/d\/1hAmVnB_oJ6W5S2lg7F8QFy9cKmLThXwr\/view?usp=sharing\"><em>Saber demasiado<\/em><\/a><\/td>\n<td style=\"width: 126.364px;\">X\u00e8nia Bellapart<\/td>\n<td style=\"width: 156.364px;\">1 eso D<\/td>\n<\/tr>\n<tr>\n<td style=\"width: 150px;\">cat A POESIA<\/td>\n<td style=\"width: 337.273px;\"><a href=\"https:\/\/drive.google.com\/file\/d\/1Le147vpzrlWmfWSeJlJT3ubJjUZQ7_I_\/view?usp=sharing\"><em>Sentimientos<\/em><\/a><\/td>\n<td style=\"width: 126.364px;\">Mariona Cornell\u00e0<\/td>\n<td style=\"width: 156.364px;\">1 eso A<\/td>\n<\/tr>\n<tr>\n<td style=\"width: 150px;\">cat B PROSA<\/td>\n<td style=\"width: 337.273px;\"><a href=\"https:\/\/drive.google.com\/file\/d\/19jeXIko5n7ZwHPFD6Tt6pKQTqx-cBqZO\/view?usp=sharing\"><em>1996<\/em><\/a><\/td>\n<td style=\"width: 126.364px;\">\u00c0ngela Planas<\/td>\n<td style=\"width: 156.364px;\">4 eso D<\/td>\n<\/tr>\n<tr>\n<td style=\"width: 150px;\">cat B POESIA<\/td>\n<td style=\"width: 337.273px;\"><a href=\"https:\/\/drive.google.com\/file\/d\/1FgT6IGgxoFTKLseju1HAfosMQJR6jiMv\/view?usp=sharing\"><em>Macizo<\/em><\/a><\/td>\n<td style=\"width: 126.364px;\">Arnau Cornell\u00e0<\/td>\n<td style=\"width: 156.364px;\">4 eso E<\/td>\n<\/tr>\n<tr>\n<td style=\"width: 150px;\"><\/td>\n<td style=\"width: 337.273px;\"><\/td>\n<td style=\"width: 126.364px;\"><\/td>\n<td style=\"width: 156.364px;\"><\/td>\n<\/tr>\n<tr>\n<td style=\"width: 150px;\"><strong>ANGL\u00c8S<\/strong><\/td>\n<td style=\"width: 337.273px;\"><\/td>\n<td style=\"width: 126.364px;\"><\/td>\n<td style=\"width: 156.364px;\"><\/td>\n<\/tr>\n<tr>\n<td style=\"width: 150px;\">cat A PROSA<\/td>\n<td style=\"width: 337.273px;\"><a href=\"https:\/\/drive.google.com\/file\/d\/1GGmnCxG_wf3CJqMEz6LCcRlcABywzIO_\/view?usp=sharing\"><em>Whenever I finish a book<\/em><\/a><\/td>\n<td style=\"width: 126.364px;\">X\u00e8nia Bellapart<\/td>\n<td style=\"width: 156.364px;\">1 eso D<\/td>\n<\/tr>\n<tr>\n<td style=\"width: 150px;\">cat A POESIA<\/td>\n<td style=\"width: 337.273px;\"><a href=\"https:\/\/drive.google.com\/file\/d\/117Yxga60gwBzQb6gDYNB9BSZGmZdk4d1\/view?usp=sharing\"><em>Going Nowhere<\/em><\/a><\/td>\n<td style=\"width: 126.364px;\">Jana Got<\/td>\n<td style=\"width: 156.364px;\">3 eso B<\/td>\n<\/tr>\n<tr>\n<td style=\"width: 150px;\">cat B PROSA<\/td>\n<td style=\"width: 337.273px;\"><em>desert<\/em><\/td>\n<td style=\"width: 126.364px;\"><\/td>\n<td style=\"width: 156.364px;\"><\/td>\n<\/tr>\n<tr>\n<td style=\"width: 150px;\">cat B POESIA<\/td>\n<td style=\"width: 337.273px;\"><a href=\"https:\/\/drive.google.com\/file\/d\/1Kc6UZQ_qgkkXsC9nPJS9dwBxAFFl-DFt\/view?usp=sharing\"><em>Being Latent<\/em><\/a><\/td>\n<td style=\"width: 126.364px;\">Arnau Cornell\u00e0<\/td>\n<td style=\"width: 156.364px;\">4 eso E<\/td>\n<\/tr>\n<tr>\n<td style=\"width: 150px;\"><\/td>\n<td style=\"width: 337.273px;\"><\/td>\n<td style=\"width: 126.364px;\"><\/td>\n<td style=\"width: 156.364px;\"><\/td>\n<\/tr>\n<tr>\n<td style=\"width: 150px;\"><strong>FRANC\u00c8S<\/strong><\/td>\n<td style=\"width: 337.273px;\"><\/td>\n<td style=\"width: 126.364px;\"><\/td>\n<td style=\"width: 156.364px;\"><\/td>\n<\/tr>\n<tr>\n<td style=\"width: 150px;\">cat A PROSA<\/td>\n<td style=\"width: 337.273px;\"><a href=\"https:\/\/drive.google.com\/file\/d\/1bByK2IkyNKmrjj-sNeJqJqzzQMdIgLfF\/view?usp=sharing\"><em>Lettre \u00e0 Marie<\/em><\/a><\/td>\n<td style=\"width: 126.364px;\">Jana Got<\/td>\n<td style=\"width: 156.364px;\">3 eso B<\/td>\n<\/tr>\n<tr>\n<td style=\"width: 150px;\">cat A POESIA<\/td>\n<td style=\"width: 337.273px;\"><a href=\"https:\/\/drive.google.com\/file\/d\/1h7A64h2eNOVaI_x_gzaj835Z1j-9IQpy\/view?usp=sharing\"><em>Ma raison de vivre<\/em><\/a><\/td>\n<td style=\"width: 126.364px;\">X\u00e8nia Bellapart<\/td>\n<td style=\"width: 156.364px;\">1 eso D<\/td>\n<\/tr>\n<tr>\n<td style=\"width: 150px;\">cat B PROSA<\/td>\n<td style=\"width: 337.273px;\"><a href=\"https:\/\/drive.google.com\/file\/d\/1a2VjyZUdjcWSIO36mkjwM8SkN5zwUHGA\/view?usp=sharing\"><em>C&#8217;\u00e9tait une chaude nuit d&#8217;\u00e9t\u00e9<\/em><\/a><\/td>\n<td style=\"width: 126.364px;\">Neus Colom\u00e9<\/td>\n<td style=\"width: 156.364px;\">4 eso E<\/td>\n<\/tr>\n<tr>\n<td style=\"width: 150px;\">cat B POESIA<\/td>\n<td style=\"width: 337.273px;\"><a href=\"https:\/\/drive.google.com\/file\/d\/1d7z1N9cRbymU5fe2A86QFYRfIQtBP6Ow\/view?usp=sharing\"><em>Ailleurs<\/em><\/a><\/td>\n<td style=\"width: 126.364px;\">Arnau Cornell\u00e0<\/td>\n<td style=\"width: 156.364px;\">4 eso E<\/td>\n<\/tr>\n<\/tbody>\n<\/table>\n<p>Volem felicitar els guanyadors, per\u00f2 tamb\u00e9 a tots els participants i agair la col\u00b7laboraci\u00f3 de l&#8217;AFA de l&#8217;Institut de Celr\u00e0 per ajudar-nos a tirar endavant aquest concurs literari.<\/p>\n<p>Bon Sant Jordi!<\/p>\n<p>&nbsp;<\/p>\n<p>&nbsp;<\/p>\n<p>&nbsp;<\/p>\n","protected":false},"excerpt":{"rendered":"<p>Fa uns dies us convid\u00e0vem a participar al concurs literari de Sant Jordi #santjordiacasa. Des del centre vam decidir tirar endavant el certamen i aix\u00f2 ha fet que els textos els h\u00e0gim rebut digitalment i que tant la reuni\u00f3 final del jurat com la publicaci\u00f3&hellip;  <a href=\"https:\/\/agora.xtec.cat\/iesdecelra\/afa\/textos-guanyadors-del-concurs-literari-sant-jordi-2020\/\" title=\"Read TEXTOS GUANYADORS DEL CONCURS LITERARI SANT JORDI 2020\">Llegeix m\u00e9s\u00bb<\/a><\/p>\n","protected":false},"author":1,"featured_media":3324,"comment_status":"open","ping_status":"closed","sticky":false,"template":"","format":"standard","meta":{"_bbp_topic_count":0,"_bbp_reply_count":0,"_bbp_total_topic_count":0,"_bbp_total_reply_count":0,"_bbp_voice_count":0,"_bbp_anonymous_reply_count":0,"_bbp_topic_count_hidden":0,"_bbp_reply_count_hidden":0,"_bbp_forum_subforum_count":0,"footnotes":""},"categories":[103,31,218],"tags":[],"class_list":["post-3395","post","type-post","status-publish","format-standard","has-post-thumbnail","hentry","category-actualitat","category-afa","category-concursos-i-premis"],"post_mailing_queue_ids":[],"_links":{"self":[{"href":"https:\/\/agora.xtec.cat\/iesdecelra\/wp-json\/wp\/v2\/posts\/3395","targetHints":{"allow":["GET"]}}],"collection":[{"href":"https:\/\/agora.xtec.cat\/iesdecelra\/wp-json\/wp\/v2\/posts"}],"about":[{"href":"https:\/\/agora.xtec.cat\/iesdecelra\/wp-json\/wp\/v2\/types\/post"}],"author":[{"embeddable":true,"href":"https:\/\/agora.xtec.cat\/iesdecelra\/wp-json\/wp\/v2\/users\/1"}],"replies":[{"embeddable":true,"href":"https:\/\/agora.xtec.cat\/iesdecelra\/wp-json\/wp\/v2\/comments?post=3395"}],"version-history":[{"count":3,"href":"https:\/\/agora.xtec.cat\/iesdecelra\/wp-json\/wp\/v2\/posts\/3395\/revisions"}],"predecessor-version":[{"id":3417,"href":"https:\/\/agora.xtec.cat\/iesdecelra\/wp-json\/wp\/v2\/posts\/3395\/revisions\/3417"}],"wp:featuredmedia":[{"embeddable":true,"href":"https:\/\/agora.xtec.cat\/iesdecelra\/wp-json\/wp\/v2\/media\/3324"}],"wp:attachment":[{"href":"https:\/\/agora.xtec.cat\/iesdecelra\/wp-json\/wp\/v2\/media?parent=3395"}],"wp:term":[{"taxonomy":"category","embeddable":true,"href":"https:\/\/agora.xtec.cat\/iesdecelra\/wp-json\/wp\/v2\/categories?post=3395"},{"taxonomy":"post_tag","embeddable":true,"href":"https:\/\/agora.xtec.cat\/iesdecelra\/wp-json\/wp\/v2\/tags?post=3395"}],"curies":[{"name":"wp","href":"https:\/\/api.w.org\/{rel}","templated":true}]}}