{"id":3327,"date":"2020-04-09T10:47:53","date_gmt":"2020-04-09T08:47:53","guid":{"rendered":"http:\/\/agora.xtec.cat\/iesdecelra\/?p=3327"},"modified":"2020-04-09T10:52:45","modified_gmt":"2020-04-09T08:52:45","slug":"proposta-destiu-campus-de-bioconstruccio","status":"publish","type":"post","link":"https:\/\/agora.xtec.cat\/iesdecelra\/actualitat\/proposta-destiu-campus-de-bioconstruccio\/","title":{"rendered":"PROPOSTA D&#8217;ESTIU: CAMPUS DE BIOCONSTRUCCI\u00d3"},"content":{"rendered":"<p style=\"text-align: justify;\">L&#8217;Ajuntament de Celr\u00e0 fa una proposta d&#8217;activitat d&#8217;estiu conjuntament amb La Copa SCCL i Escola Or\u00edgens. N&#8217;adjuntem els detalls perqu\u00e8 creiem que pot ser del vostre inter\u00e8s.<\/p>\n<p style=\"text-align: justify;\">L&#8217;activitat s&#8217;anomena <strong>Campus Biokonstruktors<\/strong> i va dirigida al jovent i enfocada al coneixement de l&#8217;entorn natural i la identificaci\u00f3 del paisatge d&#8217;on es desenvolupa, a partir de la realitzaci\u00f3 d&#8217;una bioconstrucci\u00f3. Es tracta d&#8217;una activitat de manipulaci\u00f3, en qu\u00e8 les persones inscrites aprenen la funcionalitat ecol\u00f2gica dels materials emprats, les seves caracter\u00edstiques i propietats per a usos constructius, aix\u00ed com la seva manipulaci\u00f3. Es far\u00e0 de l\u20191 al 31 de juliol de 9 a 14 h a Torre Desvern, si la situaci\u00f3 sanit\u00e0ria ho permet.<\/p>\n<p>Trobareu m\u00e9s informaci\u00f3 i el formulari d&#8217;inscripci\u00f3 a: <a href=\"https:\/\/www.celra.cat\/wp\/blog\/2020\/04\/01\/casal-natura\/\">https:\/\/www.celra.cat\/wp\/blog\/2020\/04\/01\/casal-natura\/<\/a><\/p>\n<p><a href=\"https:\/\/agora.xtec.cat\/iesdecelra\/wp-content\/uploads\/usu1789\/2020\/04\/campusnatura20c.jpg\"><img loading=\"lazy\" decoding=\"async\" class=\"aligncenter wp-image-3329\" src=\"https:\/\/agora.xtec.cat\/iesdecelra\/wp-content\/uploads\/usu1789\/2020\/04\/campusnatura20c.jpg\" alt=\"\" width=\"435\" height=\"328\" srcset=\"https:\/\/agora.xtec.cat\/iesdecelra\/wp-content\/uploads\/usu1789\/2020\/04\/campusnatura20c.jpg 539w, https:\/\/agora.xtec.cat\/iesdecelra\/wp-content\/uploads\/usu1789\/2020\/04\/campusnatura20c-300x226.jpg 300w, https:\/\/agora.xtec.cat\/iesdecelra\/wp-content\/uploads\/usu1789\/2020\/04\/campusnatura20c-200x150.jpg 200w\" sizes=\"auto, (max-width: 435px) 100vw, 435px\" \/><\/a><\/p>\n<p>&nbsp;<\/p>\n","protected":false},"excerpt":{"rendered":"<p>L&#8217;Ajuntament de Celr\u00e0 fa una proposta d&#8217;activitat d&#8217;estiu conjuntament amb La Copa SCCL i Escola Or\u00edgens. N&#8217;adjuntem els detalls perqu\u00e8 creiem que pot ser del vostre inter\u00e8s.<br \/>\nL&#8217;activitat s&#8217;anomena Campus Biokonstruktors i va dirigida al jovent i enfocada al coneixement de l&#8217;entorn natural i la identificaci\u00f3&hellip;  <a href=\"https:\/\/agora.xtec.cat\/iesdecelra\/actualitat\/proposta-destiu-campus-de-bioconstruccio\/\" title=\"Read PROPOSTA D&#8217;ESTIU: CAMPUS DE BIOCONSTRUCCI\u00d3\">Llegeix m\u00e9s\u00bb<\/a><\/p>\n","protected":false},"author":1,"featured_media":3330,"comment_status":"open","ping_status":"closed","sticky":false,"template":"","format":"standard","meta":{"_bbp_topic_count":0,"_bbp_reply_count":0,"_bbp_total_topic_count":0,"_bbp_total_reply_count":0,"_bbp_voice_count":0,"_bbp_anonymous_reply_count":0,"_bbp_topic_count_hidden":0,"_bbp_reply_count_hidden":0,"_bbp_forum_subforum_count":0,"footnotes":""},"categories":[103],"tags":[272,239],"class_list":["post-3327","post","type-post","status-publish","format-standard","has-post-thumbnail","hentry","category-actualitat","tag-activitats-destiu","tag-curs-2019-2020"],"post_mailing_queue_ids":[],"_links":{"self":[{"href":"https:\/\/agora.xtec.cat\/iesdecelra\/wp-json\/wp\/v2\/posts\/3327","targetHints":{"allow":["GET"]}}],"collection":[{"href":"https:\/\/agora.xtec.cat\/iesdecelra\/wp-json\/wp\/v2\/posts"}],"about":[{"href":"https:\/\/agora.xtec.cat\/iesdecelra\/wp-json\/wp\/v2\/types\/post"}],"author":[{"embeddable":true,"href":"https:\/\/agora.xtec.cat\/iesdecelra\/wp-json\/wp\/v2\/users\/1"}],"replies":[{"embeddable":true,"href":"https:\/\/agora.xtec.cat\/iesdecelra\/wp-json\/wp\/v2\/comments?post=3327"}],"version-history":[{"count":3,"href":"https:\/\/agora.xtec.cat\/iesdecelra\/wp-json\/wp\/v2\/posts\/3327\/revisions"}],"predecessor-version":[{"id":3332,"href":"https:\/\/agora.xtec.cat\/iesdecelra\/wp-json\/wp\/v2\/posts\/3327\/revisions\/3332"}],"wp:featuredmedia":[{"embeddable":true,"href":"https:\/\/agora.xtec.cat\/iesdecelra\/wp-json\/wp\/v2\/media\/3330"}],"wp:attachment":[{"href":"https:\/\/agora.xtec.cat\/iesdecelra\/wp-json\/wp\/v2\/media?parent=3327"}],"wp:term":[{"taxonomy":"category","embeddable":true,"href":"https:\/\/agora.xtec.cat\/iesdecelra\/wp-json\/wp\/v2\/categories?post=3327"},{"taxonomy":"post_tag","embeddable":true,"href":"https:\/\/agora.xtec.cat\/iesdecelra\/wp-json\/wp\/v2\/tags?post=3327"}],"curies":[{"name":"wp","href":"https:\/\/api.w.org\/{rel}","templated":true}]}}