{"id":3260,"date":"2020-04-09T10:49:42","date_gmt":"2020-04-09T08:49:42","guid":{"rendered":"http:\/\/agora.xtec.cat\/iesdecelra\/?p=3260"},"modified":"2020-04-09T10:49:31","modified_gmt":"2020-04-09T08:49:31","slug":"linstitutdecelraesquedaacasa","status":"publish","type":"post","link":"https:\/\/agora.xtec.cat\/iesdecelra\/actualitat\/linstitutdecelraesquedaacasa\/","title":{"rendered":"#l&#8217;InstitutdeCelr\u00e0EsQuedaaCasa"},"content":{"rendered":"<p style=\"text-align: justify;\">L&#8217;Institut de Celr\u00e0 s&#8217;ha volgut sumar a la campanya #JoEmQuedoACasa i \u00e9s per aix\u00f2 que aquesta setmana us deman\u00e0vem v\u00eddeos en qu\u00e8 ens mostr\u00e9ssiu una petita pinzellada de la vostra quotidianitat en aquests dies de confinament.<\/p>\n<p style=\"text-align: justify;\">L&#8217;objectiu no \u00e9s altre que aportar el nostre granet de sorra a la conscienciaci\u00f3 de la import\u00e0ncia de no sortir al carrer i continuar fent comunitat, encara que aquest cop sigui des de la dist\u00e0ncia.<\/p>\n<p style=\"text-align: justify;\">Us compartim la suma de totes les propostes rebudes: 5 minuts per fer menys feixuc el confinament!<\/p>\n<p><iframe loading=\"lazy\" title=\"#joemquedoacasa Institut de Celr\u00e0\" width=\"500\" height=\"281\" src=\"https:\/\/www.youtube.com\/embed\/LgUnXHkuZys?feature=oembed\" frameborder=\"0\" allow=\"accelerometer; autoplay; clipboard-write; encrypted-media; gyroscope; picture-in-picture; web-share\" referrerpolicy=\"strict-origin-when-cross-origin\" allowfullscreen><\/iframe><\/p>\n<p>&nbsp;<\/p>\n","protected":false},"excerpt":{"rendered":"<p>L&#8217;Institut de Celr\u00e0 s&#8217;ha volgut sumar a la campanya #JoEmQuedoACasa i \u00e9s per aix\u00f2 que aquesta setmana us deman\u00e0vem v\u00eddeos en qu\u00e8 ens mostr\u00e9ssiu una petita pinzellada de la vostra quotidianitat en aquests dies de confinament.<br \/>\nL&#8217;objectiu no \u00e9s altre que aportar el nostre granet de&hellip;  <a href=\"https:\/\/agora.xtec.cat\/iesdecelra\/actualitat\/linstitutdecelraesquedaacasa\/\" title=\"Read #l&#8217;InstitutdeCelr\u00e0EsQuedaaCasa\">Llegeix m\u00e9s\u00bb<\/a><\/p>\n","protected":false},"author":1,"featured_media":3268,"comment_status":"open","ping_status":"closed","sticky":false,"template":"","format":"standard","meta":{"_bbp_topic_count":0,"_bbp_reply_count":0,"_bbp_total_topic_count":0,"_bbp_total_reply_count":0,"_bbp_voice_count":0,"_bbp_anonymous_reply_count":0,"_bbp_topic_count_hidden":0,"_bbp_reply_count_hidden":0,"_bbp_forum_subforum_count":0,"footnotes":""},"categories":[103],"tags":[270,239],"class_list":["post-3260","post","type-post","status-publish","format-standard","has-post-thumbnail","hentry","category-actualitat","tag-joemquedoacasa","tag-curs-2019-2020"],"post_mailing_queue_ids":[],"_links":{"self":[{"href":"https:\/\/agora.xtec.cat\/iesdecelra\/wp-json\/wp\/v2\/posts\/3260","targetHints":{"allow":["GET"]}}],"collection":[{"href":"https:\/\/agora.xtec.cat\/iesdecelra\/wp-json\/wp\/v2\/posts"}],"about":[{"href":"https:\/\/agora.xtec.cat\/iesdecelra\/wp-json\/wp\/v2\/types\/post"}],"author":[{"embeddable":true,"href":"https:\/\/agora.xtec.cat\/iesdecelra\/wp-json\/wp\/v2\/users\/1"}],"replies":[{"embeddable":true,"href":"https:\/\/agora.xtec.cat\/iesdecelra\/wp-json\/wp\/v2\/comments?post=3260"}],"version-history":[{"count":2,"href":"https:\/\/agora.xtec.cat\/iesdecelra\/wp-json\/wp\/v2\/posts\/3260\/revisions"}],"predecessor-version":[{"id":3282,"href":"https:\/\/agora.xtec.cat\/iesdecelra\/wp-json\/wp\/v2\/posts\/3260\/revisions\/3282"}],"wp:featuredmedia":[{"embeddable":true,"href":"https:\/\/agora.xtec.cat\/iesdecelra\/wp-json\/wp\/v2\/media\/3268"}],"wp:attachment":[{"href":"https:\/\/agora.xtec.cat\/iesdecelra\/wp-json\/wp\/v2\/media?parent=3260"}],"wp:term":[{"taxonomy":"category","embeddable":true,"href":"https:\/\/agora.xtec.cat\/iesdecelra\/wp-json\/wp\/v2\/categories?post=3260"},{"taxonomy":"post_tag","embeddable":true,"href":"https:\/\/agora.xtec.cat\/iesdecelra\/wp-json\/wp\/v2\/tags?post=3260"}],"curies":[{"name":"wp","href":"https:\/\/api.w.org\/{rel}","templated":true}]}}