{"id":3225,"date":"2020-03-25T17:19:09","date_gmt":"2020-03-25T16:19:09","guid":{"rendered":"http:\/\/agora.xtec.cat\/iesdecelra\/?p=3225"},"modified":"2020-03-27T12:29:30","modified_gmt":"2020-03-27T11:29:30","slug":"berta-vilaseca-guanyadora-dun-premi-cracs-2020","status":"publish","type":"post","link":"https:\/\/agora.xtec.cat\/iesdecelra\/cursos\/batxillerat\/berta-vilaseca-guanyadora-dun-premi-cracs-2020\/","title":{"rendered":"BERTA VILASECA GUANYADORA D&#8217;UN PREMI CRACS 2020"},"content":{"rendered":"<p>Avui s&#8217;han conegut els premiats del <a href=\"https:\/\/www.udg.edu\/ca\/secundaria\/CRACS\/Premis\">CRACS 2020<\/a> i hem sabut que la Berta Vilaseca, alumna de 2n de Batxillerat, \u00e9s la guanyadora del <a href=\"https:\/\/www.udg.edu\/ca\/secundaria\/CRACS\/Premis\">Premi del P\u00daBLIC<\/a> amb el treball\u00a0<em>La Determinaci\u00f3 de la Vitamina C<\/em> tutoritzat pel professor de f\u00edsica i qu\u00edmica Jordi Bar\u00f3.<\/p>\n<p>De fet, ja fa uns dies us inform\u00e0vem que \u00a0havia estat seleccionada pel seu treball de recerca al Congr\u00e9s CRACS (Congr\u00e9s de Recerca d&#8217;Alumnes de Centres de Secund\u00e0ria) de la UdG.\u00a0Aquest premi el rep el v\u00eddeo que ha tingut m\u00e9s \u2018m\u2019agrada\u2019 al canal de Youtube de la UdG, durant el per\u00edode compr\u00e8s entre el <strong>4 i el 18 de mar\u00e7<\/strong>.<\/p>\n<p>Moltes felicitats, Berta!<\/p>\n<p><a href=\"https:\/\/agora.xtec.cat\/iesdecelra\/wp-content\/uploads\/usu1789\/2020\/03\/Captura-de-pantalla-2020-03-06-a-les-19.52.08.png\"><img loading=\"lazy\" decoding=\"async\" class=\"aligncenter size-large wp-image-3076\" src=\"https:\/\/agora.xtec.cat\/iesdecelra\/wp-content\/uploads\/usu1789\/2020\/03\/Captura-de-pantalla-2020-03-06-a-les-19.52.08-1024x516.png\" alt=\"\" width=\"1024\" height=\"516\" srcset=\"https:\/\/agora.xtec.cat\/iesdecelra\/wp-content\/uploads\/usu1789\/2020\/03\/Captura-de-pantalla-2020-03-06-a-les-19.52.08-1024x516.png 1024w, https:\/\/agora.xtec.cat\/iesdecelra\/wp-content\/uploads\/usu1789\/2020\/03\/Captura-de-pantalla-2020-03-06-a-les-19.52.08-300x151.png 300w, https:\/\/agora.xtec.cat\/iesdecelra\/wp-content\/uploads\/usu1789\/2020\/03\/Captura-de-pantalla-2020-03-06-a-les-19.52.08-768x387.png 768w, https:\/\/agora.xtec.cat\/iesdecelra\/wp-content\/uploads\/usu1789\/2020\/03\/Captura-de-pantalla-2020-03-06-a-les-19.52.08.png 1855w\" sizes=\"auto, (max-width: 1024px) 100vw, 1024px\" \/><\/a><\/p>\n","protected":false},"excerpt":{"rendered":"<p>Avui s&#8217;han conegut els premiats del <a href=\"https:\/\/www.udg.edu\/ca\/secundaria\/CRACS\/Premis\">CRACS 2020<\/a> i hem sabut que la Berta Vilaseca, alumna de 2n de Batxillerat, \u00e9s la guanyadora del <a href=\"https:\/\/www.udg.edu\/ca\/secundaria\/CRACS\/Premis\">Premi del P\u00daBLIC<\/a> amb el treball\u00a0La Determinaci\u00f3 de la Vitamina C tutoritzat pel professor de f\u00edsica i qu\u00edmica Jordi&hellip;  <a href=\"https:\/\/agora.xtec.cat\/iesdecelra\/cursos\/batxillerat\/berta-vilaseca-guanyadora-dun-premi-cracs-2020\/\" title=\"Read BERTA VILASECA GUANYADORA D&#8217;UN PREMI CRACS 2020\">Llegeix m\u00e9s\u00bb<\/a><\/p>\n","protected":false},"author":1,"featured_media":3076,"comment_status":"open","ping_status":"closed","sticky":false,"template":"","format":"standard","meta":{"_bbp_topic_count":0,"_bbp_reply_count":0,"_bbp_total_topic_count":0,"_bbp_total_reply_count":0,"_bbp_voice_count":0,"_bbp_anonymous_reply_count":0,"_bbp_topic_count_hidden":0,"_bbp_reply_count_hidden":0,"_bbp_forum_subforum_count":0,"footnotes":""},"categories":[103,8,218],"tags":[239,216],"class_list":["post-3225","post","type-post","status-publish","format-standard","has-post-thumbnail","hentry","category-actualitat","category-batxillerat","category-concursos-i-premis","tag-curs-2019-2020","tag-premis"],"post_mailing_queue_ids":[],"_links":{"self":[{"href":"https:\/\/agora.xtec.cat\/iesdecelra\/wp-json\/wp\/v2\/posts\/3225","targetHints":{"allow":["GET"]}}],"collection":[{"href":"https:\/\/agora.xtec.cat\/iesdecelra\/wp-json\/wp\/v2\/posts"}],"about":[{"href":"https:\/\/agora.xtec.cat\/iesdecelra\/wp-json\/wp\/v2\/types\/post"}],"author":[{"embeddable":true,"href":"https:\/\/agora.xtec.cat\/iesdecelra\/wp-json\/wp\/v2\/users\/1"}],"replies":[{"embeddable":true,"href":"https:\/\/agora.xtec.cat\/iesdecelra\/wp-json\/wp\/v2\/comments?post=3225"}],"version-history":[{"count":2,"href":"https:\/\/agora.xtec.cat\/iesdecelra\/wp-json\/wp\/v2\/posts\/3225\/revisions"}],"predecessor-version":[{"id":3255,"href":"https:\/\/agora.xtec.cat\/iesdecelra\/wp-json\/wp\/v2\/posts\/3225\/revisions\/3255"}],"wp:featuredmedia":[{"embeddable":true,"href":"https:\/\/agora.xtec.cat\/iesdecelra\/wp-json\/wp\/v2\/media\/3076"}],"wp:attachment":[{"href":"https:\/\/agora.xtec.cat\/iesdecelra\/wp-json\/wp\/v2\/media?parent=3225"}],"wp:term":[{"taxonomy":"category","embeddable":true,"href":"https:\/\/agora.xtec.cat\/iesdecelra\/wp-json\/wp\/v2\/categories?post=3225"},{"taxonomy":"post_tag","embeddable":true,"href":"https:\/\/agora.xtec.cat\/iesdecelra\/wp-json\/wp\/v2\/tags?post=3225"}],"curies":[{"name":"wp","href":"https:\/\/api.w.org\/{rel}","templated":true}]}}