{"id":3194,"date":"2020-03-24T15:50:23","date_gmt":"2020-03-24T14:50:23","guid":{"rendered":"http:\/\/agora.xtec.cat\/iesdecelra\/?p=3194"},"modified":"2020-03-24T16:07:32","modified_gmt":"2020-03-24T15:07:32","slug":"linstitut-es-queda-a-casa","status":"publish","type":"post","link":"https:\/\/agora.xtec.cat\/iesdecelra\/actualitat\/linstitut-es-queda-a-casa\/","title":{"rendered":"L&#8217;INSTITUT ES QUEDA A CASA"},"content":{"rendered":"<p><span style=\"font-weight: 400;\">Ara que ja fa gaireb\u00e9 quinze dies que estem confinats, l&#8217;institut ha pensat que una manera divertida de col\u00b7laborar amb la campanya #joemquedoacasa seria fer un anunci col\u00b7laboratiu entre tots nosaltres. Tots som a casa i volem mostrar en una pinzellada qu\u00e8 hi fem, com \u00e9s la nostra no normalitat en aquests dies de confinament.\u00a0\u00a0<\/span><\/p>\n<p><span style=\"font-weight: 400;\">Nom\u00e9s cal que us graveu amb un m\u00f2bil o tauleta en horitzontal, en un pla mig, mostrant i dient qu\u00e8 feu a casa. En podrien ser exemples: jo llegeixo a casa, jo jugo a casa, jo faig esport a casa, jo reposo a casa, jo miro s\u00e8ries a casa, jo rento els plats a casa\u2026 El missatge pot ser en catal\u00e0, en la vostra llengua materna o en qualsevol llengua que conegueu i el v\u00eddeo ha de ser molt curt (\u00e9s recomanable uns 5 segons) i amb la c\u00e0mera fixa.\u00a0<\/span><\/p>\n<p><span style=\"font-weight: 400;\">Ens podeu fer arribar les vostres gravacions a l\u2019adre\u00e7a <\/span><a href=\"mailto:institutdecelra@gmail.com\"><span style=\"font-weight: 400;\">institutdecelra@gmail.com<\/span><\/a><span style=\"font-weight: 400;\"> abans d&#8217;aquest dijous dia 26 de mar\u00e7 a la 1 del migdia.\u00a0<\/span><\/p>\n<p><span style=\"font-weight: 400;\">Animeu-vos! L\u2019Institut de Celr\u00e0 es queda a casa!<\/span><\/p>\n<p><iframe loading=\"lazy\" title=\"#emquedoacasa\" width=\"500\" height=\"281\" src=\"https:\/\/www.youtube.com\/embed\/svjp0HKHpNE?feature=oembed\" frameborder=\"0\" allow=\"accelerometer; autoplay; clipboard-write; encrypted-media; gyroscope; picture-in-picture; web-share\" referrerpolicy=\"strict-origin-when-cross-origin\" allowfullscreen><\/iframe><\/p>\n<p>&nbsp;<\/p>\n<p>&nbsp;<\/p>\n<p>&nbsp;<\/p>\n","protected":false},"excerpt":{"rendered":"<p>Ara que ja fa gaireb\u00e9 quinze dies que estem confinats, l&#8217;institut ha pensat que una manera divertida de col\u00b7laborar amb la campanya #joemquedoacasa seria fer un anunci col\u00b7laboratiu entre tots nosaltres. Tots som a casa i volem mostrar en una pinzellada qu\u00e8 hi fem, com&hellip;  <a href=\"https:\/\/agora.xtec.cat\/iesdecelra\/actualitat\/linstitut-es-queda-a-casa\/\" title=\"Read L&#8217;INSTITUT ES QUEDA A CASA\">Llegeix m\u00e9s\u00bb<\/a><\/p>\n","protected":false},"author":1,"featured_media":3198,"comment_status":"open","ping_status":"closed","sticky":false,"template":"","format":"standard","meta":{"_bbp_topic_count":0,"_bbp_reply_count":0,"_bbp_total_topic_count":0,"_bbp_total_reply_count":0,"_bbp_voice_count":0,"_bbp_anonymous_reply_count":0,"_bbp_topic_count_hidden":0,"_bbp_reply_count_hidden":0,"_bbp_forum_subforum_count":0,"footnotes":""},"categories":[103],"tags":[239,269],"class_list":["post-3194","post","type-post","status-publish","format-standard","has-post-thumbnail","hentry","category-actualitat","tag-curs-2019-2020","tag-jo-em-quedo-a-casa"],"post_mailing_queue_ids":[],"_links":{"self":[{"href":"https:\/\/agora.xtec.cat\/iesdecelra\/wp-json\/wp\/v2\/posts\/3194","targetHints":{"allow":["GET"]}}],"collection":[{"href":"https:\/\/agora.xtec.cat\/iesdecelra\/wp-json\/wp\/v2\/posts"}],"about":[{"href":"https:\/\/agora.xtec.cat\/iesdecelra\/wp-json\/wp\/v2\/types\/post"}],"author":[{"embeddable":true,"href":"https:\/\/agora.xtec.cat\/iesdecelra\/wp-json\/wp\/v2\/users\/1"}],"replies":[{"embeddable":true,"href":"https:\/\/agora.xtec.cat\/iesdecelra\/wp-json\/wp\/v2\/comments?post=3194"}],"version-history":[{"count":3,"href":"https:\/\/agora.xtec.cat\/iesdecelra\/wp-json\/wp\/v2\/posts\/3194\/revisions"}],"predecessor-version":[{"id":3204,"href":"https:\/\/agora.xtec.cat\/iesdecelra\/wp-json\/wp\/v2\/posts\/3194\/revisions\/3204"}],"wp:featuredmedia":[{"embeddable":true,"href":"https:\/\/agora.xtec.cat\/iesdecelra\/wp-json\/wp\/v2\/media\/3198"}],"wp:attachment":[{"href":"https:\/\/agora.xtec.cat\/iesdecelra\/wp-json\/wp\/v2\/media?parent=3194"}],"wp:term":[{"taxonomy":"category","embeddable":true,"href":"https:\/\/agora.xtec.cat\/iesdecelra\/wp-json\/wp\/v2\/categories?post=3194"},{"taxonomy":"post_tag","embeddable":true,"href":"https:\/\/agora.xtec.cat\/iesdecelra\/wp-json\/wp\/v2\/tags?post=3194"}],"curies":[{"name":"wp","href":"https:\/\/api.w.org\/{rel}","templated":true}]}}