{"id":3172,"date":"2020-03-20T11:44:12","date_gmt":"2020-03-20T10:44:12","guid":{"rendered":"http:\/\/agora.xtec.cat\/iesdecelra\/?p=3172"},"modified":"2020-03-20T11:58:57","modified_gmt":"2020-03-20T10:58:57","slug":"reconeixement-dinnovacio-pedagogica","status":"publish","type":"post","link":"https:\/\/agora.xtec.cat\/iesdecelra\/actualitat\/reconeixement-dinnovacio-pedagogica\/","title":{"rendered":"RECONEIXEMENT D&#8217;INNOVACI\u00d3 PEDAG\u00d2GICA"},"content":{"rendered":"<p>El Departament d\u2019Educaci\u00f3 ha reconegut dos projectes de l&#8217;Institut de Celr\u00e0 com a pr\u00e0ctiques educatives de refer\u00e8ncia d&#8217;innovaci\u00f3 pedag\u00f2gica. Es tracta del <a href=\"https:\/\/agora.xtec.cat\/iesdecelra\/projectes-de-centre\/robotica-i-programacio\/\">projecte de rob\u00f2tica i programaci\u00f3<\/a> i del <a href=\"https:\/\/agora.xtec.cat\/iesdecelra\/projectes-de-centre\/cooperativa\/\">projecte de cooperativa.<\/a><\/p>\n<p>En una resoluci\u00f3 feta p\u00fablica ahir, el Departament d&#8217;Educaci\u00f3 ha seleccionat\u00a07 projectes i 17 professors al Servei territorial de Girona; aix\u00ed, l&#8217;Institut de Celr\u00e0 rep un important reconeixement comptant amb 2 dels 7 projecte i 8 dels 17 professors.<strong><a href=\"https:\/\/agora.xtec.cat\/ceipelvinyet\/wp-content\/uploads\/usu1255\/2019\/04\/projecte.png\"><img loading=\"lazy\" decoding=\"async\" class=\" wp-image-3247 alignright\" src=\"https:\/\/agora.xtec.cat\/ceipelvinyet\/wp-content\/uploads\/usu1255\/2019\/04\/projecte.png\" sizes=\"auto, (max-width: 382px) 100vw, 382px\" srcset=\"https:\/\/agora.xtec.cat\/ceipelvinyet\/wp-content\/uploads\/usu1255\/2019\/04\/projecte.png 731w, https:\/\/agora.xtec.cat\/ceipelvinyet\/wp-content\/uploads\/usu1255\/2019\/04\/projecte-e1554824847476-150x150.png 150w, https:\/\/agora.xtec.cat\/ceipelvinyet\/wp-content\/uploads\/usu1255\/2019\/04\/projecte-300x300.png 300w\" alt=\"\" width=\"382\" height=\"381\" \/><\/a><\/strong><\/p>\n<p>Els projectes d\u2019innovaci\u00f3 pedag\u00f2gica consisteixen en iniciatives d\u2019un centre educatiu, o d\u2019un grup de centres, que formen part de manera expl\u00edcita del projecte educatiu de centre, que responen a objectius de millora educativa pr\u00e8viament fixats en un pla d\u2019acci\u00f3 i que aporten evid\u00e8ncies del canvi que ha significat per al centre o centres pel que fa a les compet\u00e8ncies dels alumnes o a l\u2019organitzaci\u00f3 i gesti\u00f3.\u00a0El Departament d&#8217;Ensenyament vol promoure, recon\u00e8ixer i certificar els projectes d&#8217;innovaci\u00f3 pedag\u00f2gica impulsats des dels centres educatius per millorar la qualitat dels serveis que ofereixen contribuint a la millora del sistema educatiu.<\/p>\n<p>Aquesta \u00e9s una molt bona not\u00edcia per al nostre institut ja que recollim un reconeixement al treball i la feina ben feta engegats des de fa ja una bona colla d&#8217;anys.<\/p>\n","protected":false},"excerpt":{"rendered":"<p>El Departament d\u2019Educaci\u00f3 ha reconegut dos projectes de l&#8217;Institut de Celr\u00e0 com a pr\u00e0ctiques educatives de refer\u00e8ncia d&#8217;innovaci\u00f3 pedag\u00f2gica. Es tracta del <a href=\"https:\/\/agora.xtec.cat\/iesdecelra\/projectes-de-centre\/robotica-i-programacio\/\">projecte de rob\u00f2tica i programaci\u00f3<\/a> i del <a href=\"https:\/\/agora.xtec.cat\/iesdecelra\/projectes-de-centre\/cooperativa\/\">projecte de cooperativa.<\/a><br \/>\nEn una resoluci\u00f3 feta p\u00fablica ahir, el Departament d&#8217;Educaci\u00f3 ha seleccionat\u00a07 projectes&hellip;  <a href=\"https:\/\/agora.xtec.cat\/iesdecelra\/actualitat\/reconeixement-dinnovacio-pedagogica\/\" title=\"Read RECONEIXEMENT D&#8217;INNOVACI\u00d3 PEDAG\u00d2GICA\">Llegeix m\u00e9s\u00bb<\/a><\/p>\n","protected":false},"author":1,"featured_media":3173,"comment_status":"open","ping_status":"closed","sticky":false,"template":"","format":"standard","meta":{"_bbp_topic_count":0,"_bbp_reply_count":0,"_bbp_total_topic_count":0,"_bbp_total_reply_count":0,"_bbp_voice_count":0,"_bbp_anonymous_reply_count":0,"_bbp_topic_count_hidden":0,"_bbp_reply_count_hidden":0,"_bbp_forum_subforum_count":0,"footnotes":""},"categories":[103],"tags":[239,268],"class_list":["post-3172","post","type-post","status-publish","format-standard","has-post-thumbnail","hentry","category-actualitat","tag-curs-2019-2020","tag-innovacio-pedagogica"],"post_mailing_queue_ids":[],"_links":{"self":[{"href":"https:\/\/agora.xtec.cat\/iesdecelra\/wp-json\/wp\/v2\/posts\/3172","targetHints":{"allow":["GET"]}}],"collection":[{"href":"https:\/\/agora.xtec.cat\/iesdecelra\/wp-json\/wp\/v2\/posts"}],"about":[{"href":"https:\/\/agora.xtec.cat\/iesdecelra\/wp-json\/wp\/v2\/types\/post"}],"author":[{"embeddable":true,"href":"https:\/\/agora.xtec.cat\/iesdecelra\/wp-json\/wp\/v2\/users\/1"}],"replies":[{"embeddable":true,"href":"https:\/\/agora.xtec.cat\/iesdecelra\/wp-json\/wp\/v2\/comments?post=3172"}],"version-history":[{"count":3,"href":"https:\/\/agora.xtec.cat\/iesdecelra\/wp-json\/wp\/v2\/posts\/3172\/revisions"}],"predecessor-version":[{"id":3176,"href":"https:\/\/agora.xtec.cat\/iesdecelra\/wp-json\/wp\/v2\/posts\/3172\/revisions\/3176"}],"wp:featuredmedia":[{"embeddable":true,"href":"https:\/\/agora.xtec.cat\/iesdecelra\/wp-json\/wp\/v2\/media\/3173"}],"wp:attachment":[{"href":"https:\/\/agora.xtec.cat\/iesdecelra\/wp-json\/wp\/v2\/media?parent=3172"}],"wp:term":[{"taxonomy":"category","embeddable":true,"href":"https:\/\/agora.xtec.cat\/iesdecelra\/wp-json\/wp\/v2\/categories?post=3172"},{"taxonomy":"post_tag","embeddable":true,"href":"https:\/\/agora.xtec.cat\/iesdecelra\/wp-json\/wp\/v2\/tags?post=3172"}],"curies":[{"name":"wp","href":"https:\/\/api.w.org\/{rel}","templated":true}]}}