{"id":3062,"date":"2020-02-29T17:50:37","date_gmt":"2020-02-29T16:50:37","guid":{"rendered":"http:\/\/agora.xtec.cat\/iesdecelra\/?p=3062"},"modified":"2020-03-03T12:21:02","modified_gmt":"2020-03-03T11:21:02","slug":"sortida-de-miscrocopia","status":"publish","type":"post","link":"https:\/\/agora.xtec.cat\/iesdecelra\/cursos\/batxillerat\/sortida-de-miscrocopia\/","title":{"rendered":"SORTIDA DE MICROSC\u00d2PIA"},"content":{"rendered":"<p>El dimarts 25 de febrer els alumnes de biologia de 1r de batxillerat van assistir a una visita guiada sobre microsc\u00f2pia als Serveis T\u00e8cnics de Recerca del Campus de Montilivi de la UdG. Despr\u00e9s d&#8217;una presentaci\u00f3 te\u00f2rica d&#8217;una hora i mitja, els alumnes van tenir l&#8217;oportunitat de veure en funcionament diferents microscopis i alguns, fins i tot, van poder operar-los. Els alumnes van con\u00e8ixer de primera m\u00e0 la complexitat i aplicacions reals d&#8217;aquests complicats aparells.<\/p>\n<p><a href=\"https:\/\/agora.xtec.cat\/iesdecelra\/wp-content\/uploads\/usu1789\/2020\/02\/microscopia-4-e1582994866370.jpg\"><img loading=\"lazy\" decoding=\"async\" class=\"wp-image-3065 aligncenter\" src=\"https:\/\/agora.xtec.cat\/iesdecelra\/wp-content\/uploads\/usu1789\/2020\/02\/microscopia-4-e1582994866370-1024x768.jpg\" alt=\"\" width=\"917\" height=\"687\" srcset=\"https:\/\/agora.xtec.cat\/iesdecelra\/wp-content\/uploads\/usu1789\/2020\/02\/microscopia-4-e1582994866370-1024x768.jpg 1024w, https:\/\/agora.xtec.cat\/iesdecelra\/wp-content\/uploads\/usu1789\/2020\/02\/microscopia-4-e1582994866370-300x225.jpg 300w, https:\/\/agora.xtec.cat\/iesdecelra\/wp-content\/uploads\/usu1789\/2020\/02\/microscopia-4-e1582994866370-768x576.jpg 768w, https:\/\/agora.xtec.cat\/iesdecelra\/wp-content\/uploads\/usu1789\/2020\/02\/microscopia-4-e1582994866370-200x150.jpg 200w\" sizes=\"auto, (max-width: 917px) 100vw, 917px\" \/><\/a><img loading=\"lazy\" decoding=\"async\" class=\"wp-image-3064 aligncenter\" src=\"https:\/\/agora.xtec.cat\/iesdecelra\/wp-content\/uploads\/usu1789\/2020\/02\/microscopia-1-e1582994827639.jpeg\" alt=\"\" width=\"403\" height=\"537\" srcset=\"https:\/\/agora.xtec.cat\/iesdecelra\/wp-content\/uploads\/usu1789\/2020\/02\/microscopia-1-e1582994827639.jpeg 240w, https:\/\/agora.xtec.cat\/iesdecelra\/wp-content\/uploads\/usu1789\/2020\/02\/microscopia-1-e1582994827639-225x300.jpeg 225w\" sizes=\"auto, (max-width: 403px) 100vw, 403px\" \/><\/p>\n","protected":false},"excerpt":{"rendered":"<p>El dimarts 25 de febrer els alumnes de biologia de 1r de batxillerat van assistir a una visita guiada sobre microsc\u00f2pia als Serveis T\u00e8cnics de Recerca del Campus de Montilivi de la UdG. Despr\u00e9s d&#8217;una presentaci\u00f3 te\u00f2rica d&#8217;una hora i mitja, els alumnes van tenir&hellip;  <a href=\"https:\/\/agora.xtec.cat\/iesdecelra\/cursos\/batxillerat\/sortida-de-miscrocopia\/\" title=\"Read SORTIDA DE MICROSC\u00d2PIA\">Llegeix m\u00e9s\u00bb<\/a><\/p>\n","protected":false},"author":1,"featured_media":3063,"comment_status":"open","ping_status":"closed","sticky":false,"template":"","format":"standard","meta":{"_bbp_topic_count":0,"_bbp_reply_count":0,"_bbp_total_topic_count":0,"_bbp_total_reply_count":0,"_bbp_voice_count":0,"_bbp_anonymous_reply_count":0,"_bbp_topic_count_hidden":0,"_bbp_reply_count_hidden":0,"_bbp_forum_subforum_count":0,"footnotes":""},"categories":[103,8],"tags":[239,249],"class_list":["post-3062","post","type-post","status-publish","format-standard","has-post-thumbnail","hentry","category-actualitat","category-batxillerat","tag-curs-2019-2020","tag-departament-dexperimentals"],"post_mailing_queue_ids":[],"_links":{"self":[{"href":"https:\/\/agora.xtec.cat\/iesdecelra\/wp-json\/wp\/v2\/posts\/3062","targetHints":{"allow":["GET"]}}],"collection":[{"href":"https:\/\/agora.xtec.cat\/iesdecelra\/wp-json\/wp\/v2\/posts"}],"about":[{"href":"https:\/\/agora.xtec.cat\/iesdecelra\/wp-json\/wp\/v2\/types\/post"}],"author":[{"embeddable":true,"href":"https:\/\/agora.xtec.cat\/iesdecelra\/wp-json\/wp\/v2\/users\/1"}],"replies":[{"embeddable":true,"href":"https:\/\/agora.xtec.cat\/iesdecelra\/wp-json\/wp\/v2\/comments?post=3062"}],"version-history":[{"count":3,"href":"https:\/\/agora.xtec.cat\/iesdecelra\/wp-json\/wp\/v2\/posts\/3062\/revisions"}],"predecessor-version":[{"id":3071,"href":"https:\/\/agora.xtec.cat\/iesdecelra\/wp-json\/wp\/v2\/posts\/3062\/revisions\/3071"}],"wp:featuredmedia":[{"embeddable":true,"href":"https:\/\/agora.xtec.cat\/iesdecelra\/wp-json\/wp\/v2\/media\/3063"}],"wp:attachment":[{"href":"https:\/\/agora.xtec.cat\/iesdecelra\/wp-json\/wp\/v2\/media?parent=3062"}],"wp:term":[{"taxonomy":"category","embeddable":true,"href":"https:\/\/agora.xtec.cat\/iesdecelra\/wp-json\/wp\/v2\/categories?post=3062"},{"taxonomy":"post_tag","embeddable":true,"href":"https:\/\/agora.xtec.cat\/iesdecelra\/wp-json\/wp\/v2\/tags?post=3062"}],"curies":[{"name":"wp","href":"https:\/\/api.w.org\/{rel}","templated":true}]}}