{"id":3035,"date":"2020-02-19T09:58:26","date_gmt":"2020-02-19T08:58:26","guid":{"rendered":"http:\/\/agora.xtec.cat\/iesdecelra\/?p=3035"},"modified":"2020-02-19T09:59:53","modified_gmt":"2020-02-19T08:59:53","slug":"trobada-interinstituts-de-rugbi-2","status":"publish","type":"post","link":"https:\/\/agora.xtec.cat\/iesdecelra\/cursos\/eso\/eso-1\/trobada-interinstituts-de-rugbi-2\/","title":{"rendered":"TROBADA INTERINSTITUTS DE RUGBI"},"content":{"rendered":"<p>Divendres passat, durant m\u00e9s de 2 hores, 40 alumnes de l&#8217;Institut de Celr\u00e0 acompanyats pels professors d&#8217;Educaci\u00f3 F\u00edsica van anar a les instal\u00b7lacions del GEIEG de Palau per participat a la Trobada Interinstituts de Rugbi. All\u00e0 van trobar-se amb companys de l&#8217;Institut Santiago Sobrequ\u00e9s de Girona i de l&#8217;Insitut Vall de Ll\u00e9mena de Sant Gregori.<\/p>\n<p>El nostre centre va presentar 4 equips: dos equips mixtes de 1r i 2n d&#8217;ESO, un de nois de 3r i 4t d&#8217;ESO i un de noies, tamb\u00e9 de 3r i 4t.<br \/>\nDe la mateixa manera que en les edicions passades (i ara ja far\u00e0 10 anys que el centre hi participa!), el torneig molt din\u00e0mic i ben avingut en qu\u00e8 es van posar a la pr\u00e0ctica valors com: companyerisme, esfor\u00e7, respecte al rival, solidaritat&#8230;<\/p>\n<div style=\"text-align: justify;\">El mes de juny es far\u00e0 la trobada provincial amb alumnat de 30 institut de tota la prov\u00edncia de Girona. Hi tornarem a ser!<\/div>\n<div><\/div>\n<div><\/div>\n<div><\/div>\n<div><\/div>\n<div><\/div>\n<div style=\"text-align: justify;\"><\/div>\n<div style=\"text-align: justify;\">Podeu veure les fotos de la trobada clicant <a href=\"https:\/\/photos.app.goo.gl\/ihJDJnt6F7U1QNju5\">AQU\u00cd<\/a><\/div>\n<div style=\"text-align: justify;\"><a href=\"https:\/\/photos.app.goo.gl\/ihJDJnt6F7U1QNju5\"><img loading=\"lazy\" decoding=\"async\" class=\"wp-image-3037 aligncenter\" src=\"https:\/\/agora.xtec.cat\/iesdecelra\/wp-content\/uploads\/usu1789\/2020\/02\/IMG-20200216-WA0010-1024x768.jpg\" alt=\"\" width=\"883\" height=\"662\" srcset=\"https:\/\/agora.xtec.cat\/iesdecelra\/wp-content\/uploads\/usu1789\/2020\/02\/IMG-20200216-WA0010.jpg 1024w, https:\/\/agora.xtec.cat\/iesdecelra\/wp-content\/uploads\/usu1789\/2020\/02\/IMG-20200216-WA0010-300x225.jpg 300w, https:\/\/agora.xtec.cat\/iesdecelra\/wp-content\/uploads\/usu1789\/2020\/02\/IMG-20200216-WA0010-768x576.jpg 768w, https:\/\/agora.xtec.cat\/iesdecelra\/wp-content\/uploads\/usu1789\/2020\/02\/IMG-20200216-WA0010-200x150.jpg 200w\" sizes=\"auto, (max-width: 883px) 100vw, 883px\" \/><\/a><\/div>\n","protected":false},"excerpt":{"rendered":"<p>Divendres passat, durant m\u00e9s de 2 hores, 40 alumnes de l&#8217;Institut de Celr\u00e0 acompanyats pels professors d&#8217;Educaci\u00f3 F\u00edsica van anar a les instal\u00b7lacions del GEIEG de Palau per participat a la Trobada Interinstituts de Rugbi. All\u00e0 van trobar-se amb companys de l&#8217;Institut Santiago Sobrequ\u00e9s de&hellip;  <a href=\"https:\/\/agora.xtec.cat\/iesdecelra\/cursos\/eso\/eso-1\/trobada-interinstituts-de-rugbi-2\/\" title=\"Read TROBADA INTERINSTITUTS DE RUGBI\">Llegeix m\u00e9s\u00bb<\/a><\/p>\n","protected":false},"author":1,"featured_media":3036,"comment_status":"open","ping_status":"closed","sticky":false,"template":"","format":"standard","meta":{"_bbp_topic_count":0,"_bbp_reply_count":0,"_bbp_total_topic_count":0,"_bbp_total_reply_count":0,"_bbp_voice_count":0,"_bbp_anonymous_reply_count":0,"_bbp_topic_count_hidden":0,"_bbp_reply_count_hidden":0,"_bbp_forum_subforum_count":0,"footnotes":""},"categories":[103,4,5,6,7],"tags":[239,134,181],"class_list":["post-3035","post","type-post","status-publish","format-standard","has-post-thumbnail","hentry","category-actualitat","category-eso-1","category-eso-2","category-eso-3","category-eso-4","tag-curs-2019-2020","tag-departament-deducacio-fisica","tag-rugbi"],"post_mailing_queue_ids":[],"_links":{"self":[{"href":"https:\/\/agora.xtec.cat\/iesdecelra\/wp-json\/wp\/v2\/posts\/3035","targetHints":{"allow":["GET"]}}],"collection":[{"href":"https:\/\/agora.xtec.cat\/iesdecelra\/wp-json\/wp\/v2\/posts"}],"about":[{"href":"https:\/\/agora.xtec.cat\/iesdecelra\/wp-json\/wp\/v2\/types\/post"}],"author":[{"embeddable":true,"href":"https:\/\/agora.xtec.cat\/iesdecelra\/wp-json\/wp\/v2\/users\/1"}],"replies":[{"embeddable":true,"href":"https:\/\/agora.xtec.cat\/iesdecelra\/wp-json\/wp\/v2\/comments?post=3035"}],"version-history":[{"count":3,"href":"https:\/\/agora.xtec.cat\/iesdecelra\/wp-json\/wp\/v2\/posts\/3035\/revisions"}],"predecessor-version":[{"id":3042,"href":"https:\/\/agora.xtec.cat\/iesdecelra\/wp-json\/wp\/v2\/posts\/3035\/revisions\/3042"}],"wp:featuredmedia":[{"embeddable":true,"href":"https:\/\/agora.xtec.cat\/iesdecelra\/wp-json\/wp\/v2\/media\/3036"}],"wp:attachment":[{"href":"https:\/\/agora.xtec.cat\/iesdecelra\/wp-json\/wp\/v2\/media?parent=3035"}],"wp:term":[{"taxonomy":"category","embeddable":true,"href":"https:\/\/agora.xtec.cat\/iesdecelra\/wp-json\/wp\/v2\/categories?post=3035"},{"taxonomy":"post_tag","embeddable":true,"href":"https:\/\/agora.xtec.cat\/iesdecelra\/wp-json\/wp\/v2\/tags?post=3035"}],"curies":[{"name":"wp","href":"https:\/\/api.w.org\/{rel}","templated":true}]}}