{"id":3014,"date":"2020-02-09T20:26:45","date_gmt":"2020-02-09T19:26:45","guid":{"rendered":"http:\/\/agora.xtec.cat\/iesdecelra\/?p=3014"},"modified":"2020-02-09T20:39:30","modified_gmt":"2020-02-09T19:39:30","slug":"el-trencadis-del-parc-guell","status":"publish","type":"post","link":"https:\/\/agora.xtec.cat\/iesdecelra\/cursos\/eso\/eso-4\/el-trencadis-del-parc-guell\/","title":{"rendered":"EL TRENCAD\u00cdS DEL PARC G\u00dcELL"},"content":{"rendered":"<p style=\"text-align: justify;\">Els alumnes de 4t d&#8217;ESO A i els alumnes de l&#8217;optativa de Visual i Pl\u00e0stica tamb\u00e9 de 4t van visitar aquest mes de gener el Parc G\u00fcell i la Casa Mil\u00e0 per poder con\u00e8ixer de primera m\u00e0 i in situ com Antoni Gaud\u00ed va crear amb la t\u00e8cnica del trencad\u00eds.<\/p>\n<p style=\"text-align: justify;\">Aquesta sortida s&#8217;emmarca dins del projecte de trencad\u00eds que ja us vam presentar fa unes setmanes i que aquest curs consisteix en revestir un banc de formig\u00f3 fent servir aquesta t\u00e8cnica.<\/p>\n<p style=\"text-align: justify;\"><a href=\"https:\/\/agora.xtec.cat\/iesdecelra\/wp-content\/uploads\/usu1789\/2020\/02\/IMG-20200208-WA0028.jpg\"><img loading=\"lazy\" decoding=\"async\" class=\"aligncenter wp-image-3015\" src=\"https:\/\/agora.xtec.cat\/iesdecelra\/wp-content\/uploads\/usu1789\/2020\/02\/IMG-20200208-WA0028-1024x576.jpg\" alt=\"\" width=\"630\" height=\"354\" srcset=\"https:\/\/agora.xtec.cat\/iesdecelra\/wp-content\/uploads\/usu1789\/2020\/02\/IMG-20200208-WA0028-1024x576.jpg 1024w, https:\/\/agora.xtec.cat\/iesdecelra\/wp-content\/uploads\/usu1789\/2020\/02\/IMG-20200208-WA0028-300x169.jpg 300w, https:\/\/agora.xtec.cat\/iesdecelra\/wp-content\/uploads\/usu1789\/2020\/02\/IMG-20200208-WA0028-768x432.jpg 768w, https:\/\/agora.xtec.cat\/iesdecelra\/wp-content\/uploads\/usu1789\/2020\/02\/IMG-20200208-WA0028.jpg 1600w\" sizes=\"auto, (max-width: 630px) 100vw, 630px\" \/><\/a> <a href=\"https:\/\/agora.xtec.cat\/iesdecelra\/wp-content\/uploads\/usu1789\/2020\/02\/IMG-20200208-WA0029.jpg\"><img loading=\"lazy\" decoding=\"async\" class=\"aligncenter wp-image-3016\" src=\"https:\/\/agora.xtec.cat\/iesdecelra\/wp-content\/uploads\/usu1789\/2020\/02\/IMG-20200208-WA0029-1024x576.jpg\" alt=\"\" width=\"624\" height=\"351\" srcset=\"https:\/\/agora.xtec.cat\/iesdecelra\/wp-content\/uploads\/usu1789\/2020\/02\/IMG-20200208-WA0029-1024x576.jpg 1024w, https:\/\/agora.xtec.cat\/iesdecelra\/wp-content\/uploads\/usu1789\/2020\/02\/IMG-20200208-WA0029-300x169.jpg 300w, https:\/\/agora.xtec.cat\/iesdecelra\/wp-content\/uploads\/usu1789\/2020\/02\/IMG-20200208-WA0029-768x432.jpg 768w, https:\/\/agora.xtec.cat\/iesdecelra\/wp-content\/uploads\/usu1789\/2020\/02\/IMG-20200208-WA0029.jpg 1600w\" sizes=\"auto, (max-width: 624px) 100vw, 624px\" \/><\/a> <a href=\"https:\/\/agora.xtec.cat\/iesdecelra\/wp-content\/uploads\/usu1789\/2020\/02\/IMG-20200208-WA0027.jpg\"><img loading=\"lazy\" decoding=\"async\" class=\"aligncenter wp-image-3017\" src=\"https:\/\/agora.xtec.cat\/iesdecelra\/wp-content\/uploads\/usu1789\/2020\/02\/IMG-20200208-WA0027-1024x576.jpg\" alt=\"\" width=\"621\" height=\"349\" srcset=\"https:\/\/agora.xtec.cat\/iesdecelra\/wp-content\/uploads\/usu1789\/2020\/02\/IMG-20200208-WA0027-1024x576.jpg 1024w, https:\/\/agora.xtec.cat\/iesdecelra\/wp-content\/uploads\/usu1789\/2020\/02\/IMG-20200208-WA0027-300x169.jpg 300w, https:\/\/agora.xtec.cat\/iesdecelra\/wp-content\/uploads\/usu1789\/2020\/02\/IMG-20200208-WA0027-768x432.jpg 768w, https:\/\/agora.xtec.cat\/iesdecelra\/wp-content\/uploads\/usu1789\/2020\/02\/IMG-20200208-WA0027.jpg 1600w\" sizes=\"auto, (max-width: 621px) 100vw, 621px\" \/><\/a><\/p>\n","protected":false},"excerpt":{"rendered":"<p>Els alumnes de 4t d&#8217;ESO A i els alumnes de l&#8217;optativa de Visual i Pl\u00e0stica tamb\u00e9 de 4t van visitar aquest mes de gener el Parc G\u00fcell i la Casa Mil\u00e0 per poder con\u00e8ixer de primera m\u00e0 i in situ com Antoni Gaud\u00ed va crear&hellip;  <a href=\"https:\/\/agora.xtec.cat\/iesdecelra\/cursos\/eso\/eso-4\/el-trencadis-del-parc-guell\/\" title=\"Read EL TRENCAD\u00cdS DEL PARC G\u00dcELL\">Llegeix m\u00e9s\u00bb<\/a><\/p>\n","protected":false},"author":1,"featured_media":3016,"comment_status":"open","ping_status":"closed","sticky":false,"template":"","format":"standard","meta":{"_bbp_topic_count":0,"_bbp_reply_count":0,"_bbp_total_topic_count":0,"_bbp_total_reply_count":0,"_bbp_voice_count":0,"_bbp_anonymous_reply_count":0,"_bbp_topic_count_hidden":0,"_bbp_reply_count_hidden":0,"_bbp_forum_subforum_count":0,"footnotes":""},"categories":[103,218,7],"tags":[239,254,209,259],"class_list":["post-3014","post","type-post","status-publish","format-standard","has-post-thumbnail","hentry","category-actualitat","category-concursos-i-premis","category-eso-4","tag-curs-2019-2020","tag-departament-deducacio-visual-i-plastica","tag-departament-de-tecnologia","tag-trencadis"],"post_mailing_queue_ids":[],"_links":{"self":[{"href":"https:\/\/agora.xtec.cat\/iesdecelra\/wp-json\/wp\/v2\/posts\/3014","targetHints":{"allow":["GET"]}}],"collection":[{"href":"https:\/\/agora.xtec.cat\/iesdecelra\/wp-json\/wp\/v2\/posts"}],"about":[{"href":"https:\/\/agora.xtec.cat\/iesdecelra\/wp-json\/wp\/v2\/types\/post"}],"author":[{"embeddable":true,"href":"https:\/\/agora.xtec.cat\/iesdecelra\/wp-json\/wp\/v2\/users\/1"}],"replies":[{"embeddable":true,"href":"https:\/\/agora.xtec.cat\/iesdecelra\/wp-json\/wp\/v2\/comments?post=3014"}],"version-history":[{"count":3,"href":"https:\/\/agora.xtec.cat\/iesdecelra\/wp-json\/wp\/v2\/posts\/3014\/revisions"}],"predecessor-version":[{"id":3021,"href":"https:\/\/agora.xtec.cat\/iesdecelra\/wp-json\/wp\/v2\/posts\/3014\/revisions\/3021"}],"wp:featuredmedia":[{"embeddable":true,"href":"https:\/\/agora.xtec.cat\/iesdecelra\/wp-json\/wp\/v2\/media\/3016"}],"wp:attachment":[{"href":"https:\/\/agora.xtec.cat\/iesdecelra\/wp-json\/wp\/v2\/media?parent=3014"}],"wp:term":[{"taxonomy":"category","embeddable":true,"href":"https:\/\/agora.xtec.cat\/iesdecelra\/wp-json\/wp\/v2\/categories?post=3014"},{"taxonomy":"post_tag","embeddable":true,"href":"https:\/\/agora.xtec.cat\/iesdecelra\/wp-json\/wp\/v2\/tags?post=3014"}],"curies":[{"name":"wp","href":"https:\/\/api.w.org\/{rel}","templated":true}]}}