{"id":3008,"date":"2020-02-09T20:06:04","date_gmt":"2020-02-09T19:06:04","guid":{"rendered":"http:\/\/agora.xtec.cat\/iesdecelra\/?p=3008"},"modified":"2020-02-09T20:31:07","modified_gmt":"2020-02-09T19:31:07","slug":"2n-deso-visita-el-cosmocaixa","status":"publish","type":"post","link":"https:\/\/agora.xtec.cat\/iesdecelra\/cursos\/eso\/eso-2\/2n-deso-visita-el-cosmocaixa\/","title":{"rendered":"2n d&#8217;ESO VISITA EL COSMOCAIXA"},"content":{"rendered":"<p style=\"text-align: justify;\">El mes de gener (els dijous 16 i 30) tots els grup de 2n d&#8217;ESO van anar fins a Barcelona, al Museu del Cosmocaixa, on van poder visitar lliurement el Bosc Inundat, les exposicions temporals, etc. i, a m\u00e9s, van poder fer o b\u00e9 el taller de <em>So i ac\u00fastica<\/em> o b\u00e9 <em>Viu l&#8217;electricitat<\/em>.<\/p>\n<p style=\"text-align: justify;\">Aquesta activitat va ser organitzada pel professorat de F\u00edsica i Qu\u00edmica i la valoraci\u00f3 \u00e9s molt positiva perqu\u00e8, tot i <a href=\"https:\/\/photos.app.goo.gl\/2hByiGkCY2uZCfDj8\"><img loading=\"lazy\" decoding=\"async\" class=\"wp-image-3010 alignright\" src=\"https:\/\/agora.xtec.cat\/iesdecelra\/wp-content\/uploads\/usu1789\/2020\/02\/IMG_20200116_112807-e1581275042540-768x1024.jpg\" alt=\"\" width=\"263\" height=\"351\" srcset=\"https:\/\/agora.xtec.cat\/iesdecelra\/wp-content\/uploads\/usu1789\/2020\/02\/IMG_20200116_112807-e1581275042540-768x1024.jpg 768w, https:\/\/agora.xtec.cat\/iesdecelra\/wp-content\/uploads\/usu1789\/2020\/02\/IMG_20200116_112807-e1581275042540-225x300.jpg 225w\" sizes=\"auto, (max-width: 263px) 100vw, 263px\" \/><\/a>que la\u00a0<span style=\"font-family: inherit; font-size: 1em;\">visita es va fer curta, ho vam passar molt b\u00e9 aprenent!<\/span><\/p>\n<p>Podeu veure algunes fotografies <a href=\"https:\/\/photos.app.goo.gl\/2hByiGkCY2uZCfDj8\">AQU\u00cd<\/a>.<\/p>\n<p>&nbsp;<\/p>\n<div>\n<p style=\"text-align: right;\">Departament d&#8217;Experimentals<\/p>\n<p>&nbsp;<\/p>\n<\/div>\n","protected":false},"excerpt":{"rendered":"<p>El mes de gener (els dijous 16 i 30) tots els grup de 2n d&#8217;ESO van anar fins a Barcelona, al Museu del Cosmocaixa, on van poder visitar lliurement el Bosc Inundat, les exposicions temporals, etc. i, a m\u00e9s, van poder fer o b\u00e9 el&hellip;  <a href=\"https:\/\/agora.xtec.cat\/iesdecelra\/cursos\/eso\/eso-2\/2n-deso-visita-el-cosmocaixa\/\" title=\"Read 2n d&#8217;ESO VISITA EL COSMOCAIXA\">Llegeix m\u00e9s\u00bb<\/a><\/p>\n","protected":false},"author":1,"featured_media":3013,"comment_status":"open","ping_status":"closed","sticky":false,"template":"","format":"standard","meta":{"_bbp_topic_count":0,"_bbp_reply_count":0,"_bbp_total_topic_count":0,"_bbp_total_reply_count":0,"_bbp_voice_count":0,"_bbp_anonymous_reply_count":0,"_bbp_topic_count_hidden":0,"_bbp_reply_count_hidden":0,"_bbp_forum_subforum_count":0,"footnotes":""},"categories":[103,5],"tags":[261,239,249],"class_list":["post-3008","post","type-post","status-publish","format-standard","has-post-thumbnail","hentry","category-actualitat","category-eso-2","tag-cosmocaixa","tag-curs-2019-2020","tag-departament-dexperimentals"],"post_mailing_queue_ids":[],"_links":{"self":[{"href":"https:\/\/agora.xtec.cat\/iesdecelra\/wp-json\/wp\/v2\/posts\/3008","targetHints":{"allow":["GET"]}}],"collection":[{"href":"https:\/\/agora.xtec.cat\/iesdecelra\/wp-json\/wp\/v2\/posts"}],"about":[{"href":"https:\/\/agora.xtec.cat\/iesdecelra\/wp-json\/wp\/v2\/types\/post"}],"author":[{"embeddable":true,"href":"https:\/\/agora.xtec.cat\/iesdecelra\/wp-json\/wp\/v2\/users\/1"}],"replies":[{"embeddable":true,"href":"https:\/\/agora.xtec.cat\/iesdecelra\/wp-json\/wp\/v2\/comments?post=3008"}],"version-history":[{"count":1,"href":"https:\/\/agora.xtec.cat\/iesdecelra\/wp-json\/wp\/v2\/posts\/3008\/revisions"}],"predecessor-version":[{"id":3012,"href":"https:\/\/agora.xtec.cat\/iesdecelra\/wp-json\/wp\/v2\/posts\/3008\/revisions\/3012"}],"wp:featuredmedia":[{"embeddable":true,"href":"https:\/\/agora.xtec.cat\/iesdecelra\/wp-json\/wp\/v2\/media\/3013"}],"wp:attachment":[{"href":"https:\/\/agora.xtec.cat\/iesdecelra\/wp-json\/wp\/v2\/media?parent=3008"}],"wp:term":[{"taxonomy":"category","embeddable":true,"href":"https:\/\/agora.xtec.cat\/iesdecelra\/wp-json\/wp\/v2\/categories?post=3008"},{"taxonomy":"post_tag","embeddable":true,"href":"https:\/\/agora.xtec.cat\/iesdecelra\/wp-json\/wp\/v2\/tags?post=3008"}],"curies":[{"name":"wp","href":"https:\/\/api.w.org\/{rel}","templated":true}]}}