{"id":2967,"date":"2020-02-02T16:36:59","date_gmt":"2020-02-02T15:36:59","guid":{"rendered":"http:\/\/agora.xtec.cat\/iesdecelra\/?p=2967"},"modified":"2020-02-02T16:37:53","modified_gmt":"2020-02-02T15:37:53","slug":"imatges-de-la-diada-2","status":"publish","type":"post","link":"https:\/\/agora.xtec.cat\/iesdecelra\/actualitat\/imatges-de-la-diada-2\/","title":{"rendered":"IMATGES DE LA DIADA"},"content":{"rendered":"<p>Comencem setmana tancant la diada. Com sabeu, el dimarts 28 de gener vam celebrar la Diada de l&#8217;Insitut de Celr\u00e0 en un dia en qu\u00e8 les activitats van ser variades i en qu\u00e8 vam trobar-nos tots sota el lema <em>Descobreix<\/em>-te.<\/p>\n<p><span style=\"font-size: 12pt;\">Podeu llegir el <a href=\"https:\/\/drive.google.com\/file\/d\/1opqJs4zFaSnks6eRmVNHm20NtSV0Rw4R\/view?usp=sharing\">MANIFEST<\/a> escrit per la J\u00falia Noya i la Iona L\u00f3pez i escoltar <a href=\"https:\/\/drive.google.com\/file\/d\/1Peo7Jj2WM-HA0ZA1jqTe1gA9arATUth4\/view?usp=sharing\">LA CAN\u00c7\u00d3<\/a>.<\/span> I ara, a m\u00e9s, us convidem a veure el v\u00eddeo-resum de moltes de les activitats.<\/p>\n<p>Esperem que us agradi!<\/p>\n<p><iframe loading=\"lazy\" title=\"DIADA Institut de Celr\u00e0 2020\" width=\"500\" height=\"281\" src=\"https:\/\/www.youtube.com\/embed\/TbACAmwQ4Bk?feature=oembed\" frameborder=\"0\" allow=\"accelerometer; autoplay; clipboard-write; encrypted-media; gyroscope; picture-in-picture; web-share\" referrerpolicy=\"strict-origin-when-cross-origin\" allowfullscreen><\/iframe><\/p>\n","protected":false},"excerpt":{"rendered":"<p>Comencem setmana tancant la diada. Com sabeu, el dimarts 28 de gener vam celebrar la Diada de l&#8217;Insitut de Celr\u00e0 en un dia en qu\u00e8 les activitats van ser variades i en qu\u00e8 vam trobar-nos tots sota el lema Descobreix-te.<br \/>\nPodeu llegir el <a href=\"https:\/\/drive.google.com\/file\/d\/1opqJs4zFaSnks6eRmVNHm20NtSV0Rw4R\/view?usp=sharing\">MANIFEST<\/a> escrit&hellip;  <a href=\"https:\/\/agora.xtec.cat\/iesdecelra\/actualitat\/imatges-de-la-diada-2\/\" title=\"Read IMATGES DE LA DIADA\">Llegeix m\u00e9s\u00bb<\/a><\/p>\n","protected":false},"author":1,"featured_media":2959,"comment_status":"open","ping_status":"closed","sticky":false,"template":"","format":"standard","meta":{"_bbp_topic_count":0,"_bbp_reply_count":0,"_bbp_total_topic_count":0,"_bbp_total_reply_count":0,"_bbp_voice_count":0,"_bbp_anonymous_reply_count":0,"_bbp_topic_count_hidden":0,"_bbp_reply_count_hidden":0,"_bbp_forum_subforum_count":0,"footnotes":""},"categories":[103],"tags":[239,169],"class_list":["post-2967","post","type-post","status-publish","format-standard","has-post-thumbnail","hentry","category-actualitat","tag-curs-2019-2020","tag-diada"],"post_mailing_queue_ids":[],"_links":{"self":[{"href":"https:\/\/agora.xtec.cat\/iesdecelra\/wp-json\/wp\/v2\/posts\/2967","targetHints":{"allow":["GET"]}}],"collection":[{"href":"https:\/\/agora.xtec.cat\/iesdecelra\/wp-json\/wp\/v2\/posts"}],"about":[{"href":"https:\/\/agora.xtec.cat\/iesdecelra\/wp-json\/wp\/v2\/types\/post"}],"author":[{"embeddable":true,"href":"https:\/\/agora.xtec.cat\/iesdecelra\/wp-json\/wp\/v2\/users\/1"}],"replies":[{"embeddable":true,"href":"https:\/\/agora.xtec.cat\/iesdecelra\/wp-json\/wp\/v2\/comments?post=2967"}],"version-history":[{"count":2,"href":"https:\/\/agora.xtec.cat\/iesdecelra\/wp-json\/wp\/v2\/posts\/2967\/revisions"}],"predecessor-version":[{"id":2970,"href":"https:\/\/agora.xtec.cat\/iesdecelra\/wp-json\/wp\/v2\/posts\/2967\/revisions\/2970"}],"wp:featuredmedia":[{"embeddable":true,"href":"https:\/\/agora.xtec.cat\/iesdecelra\/wp-json\/wp\/v2\/media\/2959"}],"wp:attachment":[{"href":"https:\/\/agora.xtec.cat\/iesdecelra\/wp-json\/wp\/v2\/media?parent=2967"}],"wp:term":[{"taxonomy":"category","embeddable":true,"href":"https:\/\/agora.xtec.cat\/iesdecelra\/wp-json\/wp\/v2\/categories?post=2967"},{"taxonomy":"post_tag","embeddable":true,"href":"https:\/\/agora.xtec.cat\/iesdecelra\/wp-json\/wp\/v2\/tags?post=2967"}],"curies":[{"name":"wp","href":"https:\/\/api.w.org\/{rel}","templated":true}]}}