{"id":2905,"date":"2020-01-14T13:55:01","date_gmt":"2020-01-14T12:55:01","guid":{"rendered":"http:\/\/agora.xtec.cat\/iesdecelra\/?p=2905"},"modified":"2020-01-14T13:55:25","modified_gmt":"2020-01-14T12:55:25","slug":"xerrada-sobre-adolescencia","status":"publish","type":"post","link":"https:\/\/agora.xtec.cat\/iesdecelra\/afa\/xerrada-sobre-adolescencia\/","title":{"rendered":"XERRADA SOBRE ADOLESC\u00c8NCIA"},"content":{"rendered":"<p>Aquest dijous 16 de gener a les 19h hi ha programada una xerrada amb el t\u00edtol <em>Adolesc\u00e8ncia S.O.S.<\/em> organitzada per l&#8217;AFA de l&#8217;Institut de Celr\u00e0.\u00a0 Adjuntem el cartell amb tots els detalls.<\/p>\n<p><a href=\"https:\/\/agora.xtec.cat\/iesdecelra\/wp-content\/uploads\/usu1789\/2020\/01\/xerrada.png\"><img loading=\"lazy\" decoding=\"async\" class=\"aligncenter size-full wp-image-2906\" src=\"https:\/\/agora.xtec.cat\/iesdecelra\/wp-content\/uploads\/usu1789\/2020\/01\/xerrada.png\" alt=\"\" width=\"540\" height=\"700\" srcset=\"https:\/\/agora.xtec.cat\/iesdecelra\/wp-content\/uploads\/usu1789\/2020\/01\/xerrada.png 540w, https:\/\/agora.xtec.cat\/iesdecelra\/wp-content\/uploads\/usu1789\/2020\/01\/xerrada-231x300.png 231w\" sizes=\"auto, (max-width: 540px) 100vw, 540px\" \/><\/a><\/p>\n<p>&nbsp;<\/p>\n","protected":false},"excerpt":{"rendered":"<p>Aquest dijous 16 de gener a les 19h hi ha programada una xerrada amb el t\u00edtol Adolesc\u00e8ncia S.O.S. organitzada per l&#8217;AFA de l&#8217;Institut de Celr\u00e0.\u00a0 Adjuntem el cartell amb tots els detalls.<br \/>\n<a href=\"https:\/\/agora.xtec.cat\/iesdecelra\/wp-content\/uploads\/usu1789\/2020\/01\/xerrada.png\"><\/a><br \/>\n&nbsp;<\/p>\n","protected":false},"author":1,"featured_media":2907,"comment_status":"open","ping_status":"closed","sticky":false,"template":"","format":"standard","meta":{"_bbp_topic_count":0,"_bbp_reply_count":0,"_bbp_total_topic_count":0,"_bbp_total_reply_count":0,"_bbp_voice_count":0,"_bbp_anonymous_reply_count":0,"_bbp_topic_count_hidden":0,"_bbp_reply_count_hidden":0,"_bbp_forum_subforum_count":0,"footnotes":""},"categories":[103,31],"tags":[239,44],"class_list":["post-2905","post","type-post","status-publish","format-standard","has-post-thumbnail","hentry","category-actualitat","category-afa","tag-curs-2019-2020","tag-xerrades"],"post_mailing_queue_ids":[],"_links":{"self":[{"href":"https:\/\/agora.xtec.cat\/iesdecelra\/wp-json\/wp\/v2\/posts\/2905","targetHints":{"allow":["GET"]}}],"collection":[{"href":"https:\/\/agora.xtec.cat\/iesdecelra\/wp-json\/wp\/v2\/posts"}],"about":[{"href":"https:\/\/agora.xtec.cat\/iesdecelra\/wp-json\/wp\/v2\/types\/post"}],"author":[{"embeddable":true,"href":"https:\/\/agora.xtec.cat\/iesdecelra\/wp-json\/wp\/v2\/users\/1"}],"replies":[{"embeddable":true,"href":"https:\/\/agora.xtec.cat\/iesdecelra\/wp-json\/wp\/v2\/comments?post=2905"}],"version-history":[{"count":2,"href":"https:\/\/agora.xtec.cat\/iesdecelra\/wp-json\/wp\/v2\/posts\/2905\/revisions"}],"predecessor-version":[{"id":2909,"href":"https:\/\/agora.xtec.cat\/iesdecelra\/wp-json\/wp\/v2\/posts\/2905\/revisions\/2909"}],"wp:featuredmedia":[{"embeddable":true,"href":"https:\/\/agora.xtec.cat\/iesdecelra\/wp-json\/wp\/v2\/media\/2907"}],"wp:attachment":[{"href":"https:\/\/agora.xtec.cat\/iesdecelra\/wp-json\/wp\/v2\/media?parent=2905"}],"wp:term":[{"taxonomy":"category","embeddable":true,"href":"https:\/\/agora.xtec.cat\/iesdecelra\/wp-json\/wp\/v2\/categories?post=2905"},{"taxonomy":"post_tag","embeddable":true,"href":"https:\/\/agora.xtec.cat\/iesdecelra\/wp-json\/wp\/v2\/tags?post=2905"}],"curies":[{"name":"wp","href":"https:\/\/api.w.org\/{rel}","templated":true}]}}