{"id":2897,"date":"2020-01-13T22:15:36","date_gmt":"2020-01-13T21:15:36","guid":{"rendered":"http:\/\/agora.xtec.cat\/iesdecelra\/?p=2897"},"modified":"2020-01-13T22:15:36","modified_gmt":"2020-01-13T21:15:36","slug":"a-linstitut-de-celra-salvem-vides","status":"publish","type":"post","link":"https:\/\/agora.xtec.cat\/iesdecelra\/cursos\/eso\/eso-1\/a-linstitut-de-celra-salvem-vides\/","title":{"rendered":"A L&#8217;INSTITUT DE CELR\u00c0 SALVEM VIDES"},"content":{"rendered":"<p style=\"text-align: justify;\">Durant les dues darreres setmanes de desembre a l&#8217;Institut de Celr\u00e0 hem continuat amb el projecte formatiu d&#8217;ensenyar qu\u00e8 cal fer quan ens trobem davant d&#8217;una aturada cardiorespirat\u00f2ria.<\/p>\n<p style=\"text-align: justify;\">Aquesta formaci\u00f3 es duu a terme amb tots els alumnes de l&#8217;institut, des de 1r d&#8217;ESO a Batxillerat, des de l&#8217;\u00e0rea d&#8217;Educaci\u00f3 F\u00edsica. S&#8217;han tractat temes com: la cadena de vida, l&#8217;\u00fas dels desfibril\u00b7ladors i la seva ubicaci\u00f3 als municipis, el massatge card\u00edac i la resoluci\u00f3 de casos pr\u00e0ctics.<\/p>\n<p>Podeu consultar l&#8217;<a href=\"https:\/\/photos.app.goo.gl\/k5pBKUDDTznrWfKV6\">\u00e0lbum de fotografies<\/a> i tamb\u00e9 us hem preparat un petit v\u00eddeo-resum de diferents moments viscuts durant el projecte.<\/p>\n<p><iframe loading=\"lazy\" title=\"A l&#039;institut salvem vides.\" width=\"500\" height=\"281\" src=\"https:\/\/www.youtube.com\/embed\/LkRk5VOUuDQ?feature=oembed\" frameborder=\"0\" allow=\"accelerometer; autoplay; clipboard-write; encrypted-media; gyroscope; picture-in-picture; web-share\" referrerpolicy=\"strict-origin-when-cross-origin\" allowfullscreen><\/iframe><\/p>\n<p style=\"text-align: justify;\">\n","protected":false},"excerpt":{"rendered":"<p>Durant les dues darreres setmanes de desembre a l&#8217;Institut de Celr\u00e0 hem continuat amb el projecte formatiu d&#8217;ensenyar qu\u00e8 cal fer quan ens trobem davant d&#8217;una aturada cardiorespirat\u00f2ria.<br \/>\nAquesta formaci\u00f3 es duu a terme amb tots els alumnes de l&#8217;institut, des de 1r d&#8217;ESO a Batxillerat,&hellip;  <a href=\"https:\/\/agora.xtec.cat\/iesdecelra\/cursos\/eso\/eso-1\/a-linstitut-de-celra-salvem-vides\/\" title=\"Read A L&#8217;INSTITUT DE CELR\u00c0 SALVEM VIDES\">Llegeix m\u00e9s\u00bb<\/a><\/p>\n","protected":false},"author":1,"featured_media":2902,"comment_status":"open","ping_status":"closed","sticky":false,"template":"","format":"standard","meta":{"_bbp_topic_count":0,"_bbp_reply_count":0,"_bbp_total_topic_count":0,"_bbp_total_reply_count":0,"_bbp_voice_count":0,"_bbp_anonymous_reply_count":0,"_bbp_topic_count_hidden":0,"_bbp_reply_count_hidden":0,"_bbp_forum_subforum_count":0,"footnotes":""},"categories":[103,8,4,5,6,7],"tags":[239,134,260],"class_list":["post-2897","post","type-post","status-publish","format-standard","has-post-thumbnail","hentry","category-actualitat","category-batxillerat","category-eso-1","category-eso-2","category-eso-3","category-eso-4","tag-curs-2019-2020","tag-departament-deducacio-fisica","tag-desfibrilladors"],"post_mailing_queue_ids":[],"_links":{"self":[{"href":"https:\/\/agora.xtec.cat\/iesdecelra\/wp-json\/wp\/v2\/posts\/2897","targetHints":{"allow":["GET"]}}],"collection":[{"href":"https:\/\/agora.xtec.cat\/iesdecelra\/wp-json\/wp\/v2\/posts"}],"about":[{"href":"https:\/\/agora.xtec.cat\/iesdecelra\/wp-json\/wp\/v2\/types\/post"}],"author":[{"embeddable":true,"href":"https:\/\/agora.xtec.cat\/iesdecelra\/wp-json\/wp\/v2\/users\/1"}],"replies":[{"embeddable":true,"href":"https:\/\/agora.xtec.cat\/iesdecelra\/wp-json\/wp\/v2\/comments?post=2897"}],"version-history":[{"count":2,"href":"https:\/\/agora.xtec.cat\/iesdecelra\/wp-json\/wp\/v2\/posts\/2897\/revisions"}],"predecessor-version":[{"id":2903,"href":"https:\/\/agora.xtec.cat\/iesdecelra\/wp-json\/wp\/v2\/posts\/2897\/revisions\/2903"}],"wp:featuredmedia":[{"embeddable":true,"href":"https:\/\/agora.xtec.cat\/iesdecelra\/wp-json\/wp\/v2\/media\/2902"}],"wp:attachment":[{"href":"https:\/\/agora.xtec.cat\/iesdecelra\/wp-json\/wp\/v2\/media?parent=2897"}],"wp:term":[{"taxonomy":"category","embeddable":true,"href":"https:\/\/agora.xtec.cat\/iesdecelra\/wp-json\/wp\/v2\/categories?post=2897"},{"taxonomy":"post_tag","embeddable":true,"href":"https:\/\/agora.xtec.cat\/iesdecelra\/wp-json\/wp\/v2\/tags?post=2897"}],"curies":[{"name":"wp","href":"https:\/\/api.w.org\/{rel}","templated":true}]}}