{"id":2886,"date":"2020-01-13T11:11:05","date_gmt":"2020-01-13T10:11:05","guid":{"rendered":"http:\/\/agora.xtec.cat\/iesdecelra\/?p=2886"},"modified":"2020-01-13T11:11:05","modified_gmt":"2020-01-13T10:11:05","slug":"instal%c2%b7lem-les-columnes-de-trencadis","status":"publish","type":"post","link":"https:\/\/agora.xtec.cat\/iesdecelra\/cursos\/eso\/eso-4\/instal%c2%b7lem-les-columnes-de-trencadis\/","title":{"rendered":"INSTAL\u00b7LEM LES COLUMNES DE TRENCAD\u00cdS"},"content":{"rendered":"<p style=\"text-align: justify;\">La setmana passada vam instal\u00b7lar a la fa\u00e7ana sud de l&#8217;institut les columnes creades en cu rsos anteriors per l&#8217;alumnat de 4t d&#8217;ESO dins del projecte de trencad\u00eds que es feia a l&#8217;optativa de Visual i Pl\u00e0stica.<\/p>\n<p style=\"text-align: justify;\">Aquest projecte forma part del concurs per a centres de secund\u00e0ria que organitza l&#8217;empresa Materalia de materials de construcci\u00f3 que t\u00e9 la seu a Ull\u00e0 i que consisteix en revestir una columna de formig\u00f3 de grans dimensions amb trossos de rajola, imitant el trencad\u00eds de Gaud\u00ed.<\/p>\n<p style=\"text-align: justify;\">Aquest curs l&#8217;empresa ja ha enviat l&#8217;element per decorar que es tracta d&#8217;un banc de formig\u00f3. Els alumnes de 4tA seran els encarregats de dur a terme el projecte.<\/p>\n<p><a href=\"https:\/\/agora.xtec.cat\/iesdecelra\/wp-content\/uploads\/usu1789\/2020\/01\/Captura-1.png\"><img loading=\"lazy\" decoding=\"async\" class=\"alignnone size-full wp-image-2887\" src=\"https:\/\/agora.xtec.cat\/iesdecelra\/wp-content\/uploads\/usu1789\/2020\/01\/Captura-1.png\" alt=\"\" width=\"466\" height=\"603\" srcset=\"https:\/\/agora.xtec.cat\/iesdecelra\/wp-content\/uploads\/usu1789\/2020\/01\/Captura-1.png 466w, https:\/\/agora.xtec.cat\/iesdecelra\/wp-content\/uploads\/usu1789\/2020\/01\/Captura-1-232x300.png 232w\" sizes=\"auto, (max-width: 466px) 100vw, 466px\" \/><\/a> <a href=\"https:\/\/agora.xtec.cat\/iesdecelra\/wp-content\/uploads\/usu1789\/2020\/01\/Captura-2.png\"><img loading=\"lazy\" decoding=\"async\" class=\"alignnone size-full wp-image-2888\" src=\"https:\/\/agora.xtec.cat\/iesdecelra\/wp-content\/uploads\/usu1789\/2020\/01\/Captura-2.png\" alt=\"\" width=\"820\" height=\"610\" srcset=\"https:\/\/agora.xtec.cat\/iesdecelra\/wp-content\/uploads\/usu1789\/2020\/01\/Captura-2.png 820w, https:\/\/agora.xtec.cat\/iesdecelra\/wp-content\/uploads\/usu1789\/2020\/01\/Captura-2-300x223.png 300w, https:\/\/agora.xtec.cat\/iesdecelra\/wp-content\/uploads\/usu1789\/2020\/01\/Captura-2-768x571.png 768w, https:\/\/agora.xtec.cat\/iesdecelra\/wp-content\/uploads\/usu1789\/2020\/01\/Captura-2-200x150.png 200w\" sizes=\"auto, (max-width: 820px) 100vw, 820px\" \/><\/a><\/p>\n","protected":false},"excerpt":{"rendered":"<p>La setmana passada vam instal\u00b7lar a la fa\u00e7ana sud de l&#8217;institut les columnes creades en cu rsos anteriors per l&#8217;alumnat de 4t d&#8217;ESO dins del projecte de trencad\u00eds que es feia a l&#8217;optativa de Visual i Pl\u00e0stica.<br \/>\nAquest projecte forma part del concurs per a centres&hellip;  <a href=\"https:\/\/agora.xtec.cat\/iesdecelra\/cursos\/eso\/eso-4\/instal%c2%b7lem-les-columnes-de-trencadis\/\" title=\"Read INSTAL\u00b7LEM LES COLUMNES DE TRENCAD\u00cdS\">Llegeix m\u00e9s\u00bb<\/a><\/p>\n","protected":false},"author":1,"featured_media":2888,"comment_status":"open","ping_status":"closed","sticky":false,"template":"","format":"standard","meta":{"_bbp_topic_count":0,"_bbp_reply_count":0,"_bbp_total_topic_count":0,"_bbp_total_reply_count":0,"_bbp_voice_count":0,"_bbp_anonymous_reply_count":0,"_bbp_topic_count_hidden":0,"_bbp_reply_count_hidden":0,"_bbp_forum_subforum_count":0,"footnotes":""},"categories":[103,218,7],"tags":[239,254,258,259],"class_list":["post-2886","post","type-post","status-publish","format-standard","has-post-thumbnail","hentry","category-actualitat","category-concursos-i-premis","category-eso-4","tag-curs-2019-2020","tag-departament-deducacio-visual-i-plastica","tag-materalia","tag-trencadis"],"post_mailing_queue_ids":[],"_links":{"self":[{"href":"https:\/\/agora.xtec.cat\/iesdecelra\/wp-json\/wp\/v2\/posts\/2886","targetHints":{"allow":["GET"]}}],"collection":[{"href":"https:\/\/agora.xtec.cat\/iesdecelra\/wp-json\/wp\/v2\/posts"}],"about":[{"href":"https:\/\/agora.xtec.cat\/iesdecelra\/wp-json\/wp\/v2\/types\/post"}],"author":[{"embeddable":true,"href":"https:\/\/agora.xtec.cat\/iesdecelra\/wp-json\/wp\/v2\/users\/1"}],"replies":[{"embeddable":true,"href":"https:\/\/agora.xtec.cat\/iesdecelra\/wp-json\/wp\/v2\/comments?post=2886"}],"version-history":[{"count":1,"href":"https:\/\/agora.xtec.cat\/iesdecelra\/wp-json\/wp\/v2\/posts\/2886\/revisions"}],"predecessor-version":[{"id":2889,"href":"https:\/\/agora.xtec.cat\/iesdecelra\/wp-json\/wp\/v2\/posts\/2886\/revisions\/2889"}],"wp:featuredmedia":[{"embeddable":true,"href":"https:\/\/agora.xtec.cat\/iesdecelra\/wp-json\/wp\/v2\/media\/2888"}],"wp:attachment":[{"href":"https:\/\/agora.xtec.cat\/iesdecelra\/wp-json\/wp\/v2\/media?parent=2886"}],"wp:term":[{"taxonomy":"category","embeddable":true,"href":"https:\/\/agora.xtec.cat\/iesdecelra\/wp-json\/wp\/v2\/categories?post=2886"},{"taxonomy":"post_tag","embeddable":true,"href":"https:\/\/agora.xtec.cat\/iesdecelra\/wp-json\/wp\/v2\/tags?post=2886"}],"curies":[{"name":"wp","href":"https:\/\/api.w.org\/{rel}","templated":true}]}}