{"id":2871,"date":"2020-01-02T20:35:08","date_gmt":"2020-01-02T19:35:08","guid":{"rendered":"http:\/\/agora.xtec.cat\/iesdecelra\/?p=2871"},"modified":"2020-01-02T20:35:24","modified_gmt":"2020-01-02T19:35:24","slug":"la-comissio-per-les-refugiades-visiten-el-veler-dopen-arms","status":"publish","type":"post","link":"https:\/\/agora.xtec.cat\/iesdecelra\/actualitat\/la-comissio-per-les-refugiades-visiten-el-veler-dopen-arms\/","title":{"rendered":"LA COMISSI\u00d3 PER LES REFUGIADES VISITA EL VELER D&#8217;OPEN ARMS"},"content":{"rendered":"<p class=\"gmail_default\" style=\"text-align: justify;\"><span style=\"font-family: tahoma, sans-serif;\">El passat divendres 16 de desembre les alumnes de la <\/span>comissi\u00f3 per les refugiades de l&#8217;Institut de Celr\u00e0 vam anar a Badalona per visitar el vaixell d&#8217;Open Arms i con\u00e8ixer de primera m\u00e0 com \u00e9s la feina de la ONG.<\/p>\n<p class=\"gmail_default\" style=\"text-align: justify;\">La valoraci\u00f3 de la sortida \u00e9s molt positiva; ens ha agradat molt anar-hi. Poder veure el veler va ser molt interessant, ja que vam poder viure en primera persona com funcionen les tasques de rescat al Mediterrani i vam poder imaginar-nos tot el que han de passar i viure tant els voluntaris com els migrants. A m\u00e9s a m\u00e9s, com que pr\u00e8viament hav\u00edem assistit a la xerrada que Open Arms va fer a l&#8217;Ateneu de Celr\u00e0, ja coneix\u00edem m\u00e9s tota la seva feina i est\u00e0vem ben informades i la visita va permetre&#8217;ns confirmar la import\u00e0ncia de la seva tasca. Tamb\u00e9 vam poder transmetre&#8217;ls que tenen tot el nostre suport i que tenim unes quantes idees per dur a terme durant aquest curs<span class=\"gmail_default\">.<\/span><\/p>\n<p class=\"gmail_default\" style=\"text-align: justify;\"><span class=\"gmail_default\">Volem agrair a l&#8217;AMPA de l&#8217;Institut la seva col\u00b7laboraci\u00f3 amb la sortida i sobretot a Open Arms per haver-nos fet la xerrada dies abans i haver-nos oferit l&#8217;oportunitat de visitar el vaixell i con\u00e8ixer millor la seva feina.\u00a0\u00a0<\/span><\/p>\n<p class=\"gmail_default\" style=\"text-align: center;\"><span class=\"gmail_default\"> \r\n\t<div class=\"slideshow_container slideshow_container_style-light\" style=\"height: 300px; \" data-slideshow-id=\"2879\" data-style-name=\"style-light\" data-style-version=\"2.3.1\" >\r\n\r\n\t\t\t\t\t<div class=\"slideshow_loading_icon\"><\/div>\r\n\t\t\r\n\t\t<div class=\"slideshow_content\" style=\"display: none;\">\r\n\r\n\t\t\t<div class=\"slideshow_view\">\r\n\t\t\t\t<div class=\"slideshow_slide slideshow_slide_image\">\r\n\t\t\t\t\t\t\t\t\t\t\t<img src=\"https:\/\/agora.xtec.cat\/iesdecelra\/wp-content\/uploads\/usu1789\/2020\/01\/IMG-20191223-WA0000.jpg\" alt=\"IMG-20191223-WA0000\" width=\"2000\" height=\"1500\" \/>\r\n\t\t\t\t\t\t\t\t\t\t<div class=\"slideshow_description_box slideshow_transparent\">\r\n\t\t\t\t\t\t<div class=\"slideshow_title\">IMG-20191223-WA0000<\/div>\t\t\t\t\t\t\t\t\t\t\t<\/div>\r\n\t\t\t\t<\/div>\r\n\r\n\t\t\t\t\t\t<div style=\"clear: both;\"><\/div><\/div><div class=\"slideshow_view\">\r\n\t\t\t\t<div class=\"slideshow_slide slideshow_slide_image\">\r\n\t\t\t\t\t\t\t\t\t\t\t<img src=\"https:\/\/agora.xtec.cat\/iesdecelra\/wp-content\/uploads\/usu1789\/2020\/01\/IMG-20191223-WA0002.jpg\" alt=\"IMG-20191223-WA0002\" width=\"2000\" height=\"1500\" \/>\r\n\t\t\t\t\t\t\t\t\t\t<div class=\"slideshow_description_box slideshow_transparent\">\r\n\t\t\t\t\t\t<div class=\"slideshow_title\">IMG-20191223-WA0002<\/div>\t\t\t\t\t\t\t\t\t\t\t<\/div>\r\n\t\t\t\t<\/div>\r\n\r\n\t\t\t\t\t\t<div style=\"clear: both;\"><\/div><\/div><div class=\"slideshow_view\">\r\n\t\t\t\t<div class=\"slideshow_slide slideshow_slide_image\">\r\n\t\t\t\t\t\t\t\t\t\t\t<img src=\"https:\/\/agora.xtec.cat\/iesdecelra\/wp-content\/uploads\/usu1789\/2020\/01\/IMG-20191223-WA0001.jpg\" alt=\"IMG-20191223-WA0001\" width=\"2000\" height=\"1500\" \/>\r\n\t\t\t\t\t\t\t\t\t\t<div class=\"slideshow_description_box slideshow_transparent\">\r\n\t\t\t\t\t\t<div class=\"slideshow_title\">IMG-20191223-WA0001<\/div>\t\t\t\t\t\t\t\t\t\t\t<\/div>\r\n\t\t\t\t<\/div>\r\n\r\n\t\t\t\t\t\t<div style=\"clear: both;\"><\/div><\/div>\r\n\t\t<\/div>\r\n\r\n\t\t<div class=\"slideshow_controlPanel slideshow_transparent\" style=\"display: none;\"><ul><li class=\"slideshow_togglePlay\" data-play-text=\"Visualitza\" data-pause-text=\"Pausa\"><\/li><\/ul><\/div>\r\n\r\n\t\t<div class=\"slideshow_button slideshow_previous slideshow_transparent\" role=\"button\" data-previous-text=\"Anterior\" style=\"display: none;\"><\/div>\r\n\t\t<div class=\"slideshow_button slideshow_next slideshow_transparent\" role=\"button\" data-next-text=\"Seg\u00fcent\" style=\"display: none;\"><\/div>\r\n\r\n\t\t<div class=\"slideshow_pagination\" style=\"display: none;\" data-go-to-text=\"V\u00e9s a la diapositiva\"><div class=\"slideshow_pagination_center\"><\/div><\/div>\r\n\r\n\t\t<!-- WordPress Slideshow Version 2.3.1 -->\r\n\r\n\t\t\t<\/div>\r\n\r\n<\/span><\/p>\n<p class=\"gmail_default\" style=\"text-align: justify;\"><span style=\"font-family: tahoma, sans-serif;\">La comissi\u00f3 per les refugiades<\/span><\/p>\n","protected":false},"excerpt":{"rendered":"<p>El passat divendres 16 de desembre les alumnes de la comissi\u00f3 per les refugiades de l&#8217;Institut de Celr\u00e0 vam anar a Badalona per visitar el vaixell d&#8217;Open Arms i con\u00e8ixer de primera m\u00e0 com \u00e9s la feina de la ONG.<br \/>\nLa valoraci\u00f3 de la sortida \u00e9s&hellip;  <a href=\"https:\/\/agora.xtec.cat\/iesdecelra\/actualitat\/la-comissio-per-les-refugiades-visiten-el-veler-dopen-arms\/\" title=\"Read LA COMISSI\u00d3 PER LES REFUGIADES VISITA EL VELER D&#8217;OPEN ARMS\">Llegeix m\u00e9s\u00bb<\/a><\/p>\n","protected":false},"author":1,"featured_media":2876,"comment_status":"open","ping_status":"closed","sticky":false,"template":"","format":"standard","meta":{"_bbp_topic_count":0,"_bbp_reply_count":0,"_bbp_total_topic_count":0,"_bbp_total_reply_count":0,"_bbp_voice_count":0,"_bbp_anonymous_reply_count":0,"_bbp_topic_count_hidden":0,"_bbp_reply_count_hidden":0,"_bbp_forum_subforum_count":0,"footnotes":""},"categories":[103],"tags":[128,172,239],"class_list":["post-2871","post","type-post","status-publish","format-standard","has-post-thumbnail","hentry","category-actualitat","tag-ampa","tag-comissio-de-refugiats","tag-curs-2019-2020"],"post_mailing_queue_ids":[],"_links":{"self":[{"href":"https:\/\/agora.xtec.cat\/iesdecelra\/wp-json\/wp\/v2\/posts\/2871","targetHints":{"allow":["GET"]}}],"collection":[{"href":"https:\/\/agora.xtec.cat\/iesdecelra\/wp-json\/wp\/v2\/posts"}],"about":[{"href":"https:\/\/agora.xtec.cat\/iesdecelra\/wp-json\/wp\/v2\/types\/post"}],"author":[{"embeddable":true,"href":"https:\/\/agora.xtec.cat\/iesdecelra\/wp-json\/wp\/v2\/users\/1"}],"replies":[{"embeddable":true,"href":"https:\/\/agora.xtec.cat\/iesdecelra\/wp-json\/wp\/v2\/comments?post=2871"}],"version-history":[{"count":3,"href":"https:\/\/agora.xtec.cat\/iesdecelra\/wp-json\/wp\/v2\/posts\/2871\/revisions"}],"predecessor-version":[{"id":2881,"href":"https:\/\/agora.xtec.cat\/iesdecelra\/wp-json\/wp\/v2\/posts\/2871\/revisions\/2881"}],"wp:featuredmedia":[{"embeddable":true,"href":"https:\/\/agora.xtec.cat\/iesdecelra\/wp-json\/wp\/v2\/media\/2876"}],"wp:attachment":[{"href":"https:\/\/agora.xtec.cat\/iesdecelra\/wp-json\/wp\/v2\/media?parent=2871"}],"wp:term":[{"taxonomy":"category","embeddable":true,"href":"https:\/\/agora.xtec.cat\/iesdecelra\/wp-json\/wp\/v2\/categories?post=2871"},{"taxonomy":"post_tag","embeddable":true,"href":"https:\/\/agora.xtec.cat\/iesdecelra\/wp-json\/wp\/v2\/tags?post=2871"}],"curies":[{"name":"wp","href":"https:\/\/api.w.org\/{rel}","templated":true}]}}