{"id":2861,"date":"2019-12-18T22:35:43","date_gmt":"2019-12-18T21:35:43","guid":{"rendered":"http:\/\/agora.xtec.cat\/iesdecelra\/?p=2861"},"modified":"2019-12-18T22:35:43","modified_gmt":"2019-12-18T21:35:43","slug":"fem-mes-bonica-la-vida","status":"publish","type":"post","link":"https:\/\/agora.xtec.cat\/iesdecelra\/cursos\/batxillerat\/fem-mes-bonica-la-vida\/","title":{"rendered":"FEM M\u00c9S BONICA LA VIDA?"},"content":{"rendered":"<p style=\"text-align: justify;\">La llibertat interior, la recerca de bellesa, la felicitat d&#8217;un instant, la fortalesa i la fragilitat, la intel\u00b7lig\u00e8ncia emocional, la flu\u00efdesa de la consci\u00e8ncia. Mrs. Dalloway prepara una festa i durant el dia repassa alguns dels moments m\u00e9s importants de la seva vida.<\/p>\n<p style=\"text-align: justify;\">Divendres 13 de desembre va ser la data triada per anar a la tradicional sortida al teatre a Barcelona que organitza el Departament de castell\u00e0 per aquells alumnes de Batxillerat i professors que desitgin gaudir d&#8217;una pe\u00e7a teatral en maj\u00fascules i que no se sol veure a les comarques gironines. L&#8217;obra triada va ser l&#8217;adaptaci\u00f3 que Carme Portacelli va fer de la novel\u00b7la <em>Mrs. Dalloway<\/em> de Virginia Woolf, protagonitzada per la Blanca Portillo.<\/p>\n<p style=\"text-align: center;\"><a href=\"https:\/\/agora.xtec.cat\/iesdecelra\/wp-content\/uploads\/usu1789\/2019\/12\/TNC-Mrs.-Dalloway.jpg\"><img loading=\"lazy\" decoding=\"async\" class=\"alignnone size-full wp-image-2863\" src=\"https:\/\/agora.xtec.cat\/iesdecelra\/wp-content\/uploads\/usu1789\/2019\/12\/TNC-Mrs.-Dalloway.jpg\" alt=\"\" width=\"390\" height=\"560\" srcset=\"https:\/\/agora.xtec.cat\/iesdecelra\/wp-content\/uploads\/usu1789\/2019\/12\/TNC-Mrs.-Dalloway.jpg 390w, https:\/\/agora.xtec.cat\/iesdecelra\/wp-content\/uploads\/usu1789\/2019\/12\/TNC-Mrs.-Dalloway-209x300.jpg 209w\" sizes=\"auto, (max-width: 390px) 100vw, 390px\" \/><\/a><\/p>\n","protected":false},"excerpt":{"rendered":"<p>La llibertat interior, la recerca de bellesa, la felicitat d&#8217;un instant, la fortalesa i la fragilitat, la intel\u00b7lig\u00e8ncia emocional, la flu\u00efdesa de la consci\u00e8ncia. Mrs. Dalloway prepara una festa i durant el dia repassa alguns dels moments m\u00e9s importants de la seva vida.<br \/>\nDivendres 13 de&hellip;  <a href=\"https:\/\/agora.xtec.cat\/iesdecelra\/cursos\/batxillerat\/fem-mes-bonica-la-vida\/\" title=\"Read FEM M\u00c9S BONICA LA VIDA?\">Llegeix m\u00e9s\u00bb<\/a><\/p>\n","protected":false},"author":1,"featured_media":2862,"comment_status":"open","ping_status":"closed","sticky":false,"template":"","format":"standard","meta":{"_bbp_topic_count":0,"_bbp_reply_count":0,"_bbp_total_topic_count":0,"_bbp_total_reply_count":0,"_bbp_voice_count":0,"_bbp_anonymous_reply_count":0,"_bbp_topic_count_hidden":0,"_bbp_reply_count_hidden":0,"_bbp_forum_subforum_count":0,"footnotes":""},"categories":[103,8],"tags":[239,174,39,40],"class_list":["post-2861","post","type-post","status-publish","format-standard","has-post-thumbnail","hentry","category-actualitat","category-batxillerat","tag-curs-2019-2020","tag-departament-de-castella","tag-sortides","tag-teatre"],"post_mailing_queue_ids":[],"_links":{"self":[{"href":"https:\/\/agora.xtec.cat\/iesdecelra\/wp-json\/wp\/v2\/posts\/2861","targetHints":{"allow":["GET"]}}],"collection":[{"href":"https:\/\/agora.xtec.cat\/iesdecelra\/wp-json\/wp\/v2\/posts"}],"about":[{"href":"https:\/\/agora.xtec.cat\/iesdecelra\/wp-json\/wp\/v2\/types\/post"}],"author":[{"embeddable":true,"href":"https:\/\/agora.xtec.cat\/iesdecelra\/wp-json\/wp\/v2\/users\/1"}],"replies":[{"embeddable":true,"href":"https:\/\/agora.xtec.cat\/iesdecelra\/wp-json\/wp\/v2\/comments?post=2861"}],"version-history":[{"count":1,"href":"https:\/\/agora.xtec.cat\/iesdecelra\/wp-json\/wp\/v2\/posts\/2861\/revisions"}],"predecessor-version":[{"id":2864,"href":"https:\/\/agora.xtec.cat\/iesdecelra\/wp-json\/wp\/v2\/posts\/2861\/revisions\/2864"}],"wp:featuredmedia":[{"embeddable":true,"href":"https:\/\/agora.xtec.cat\/iesdecelra\/wp-json\/wp\/v2\/media\/2862"}],"wp:attachment":[{"href":"https:\/\/agora.xtec.cat\/iesdecelra\/wp-json\/wp\/v2\/media?parent=2861"}],"wp:term":[{"taxonomy":"category","embeddable":true,"href":"https:\/\/agora.xtec.cat\/iesdecelra\/wp-json\/wp\/v2\/categories?post=2861"},{"taxonomy":"post_tag","embeddable":true,"href":"https:\/\/agora.xtec.cat\/iesdecelra\/wp-json\/wp\/v2\/tags?post=2861"}],"curies":[{"name":"wp","href":"https:\/\/api.w.org\/{rel}","templated":true}]}}