{"id":2856,"date":"2019-12-16T22:47:16","date_gmt":"2019-12-16T21:47:16","guid":{"rendered":"http:\/\/agora.xtec.cat\/iesdecelra\/?p=2856"},"modified":"2019-12-16T22:48:23","modified_gmt":"2019-12-16T21:48:23","slug":"els-reis-de-celra-us-estan-buscant","status":"publish","type":"post","link":"https:\/\/agora.xtec.cat\/iesdecelra\/actualitat\/els-reis-de-celra-us-estan-buscant\/","title":{"rendered":"ELS REIS DE CELR\u00c0 US ESTAN BUSCANT!"},"content":{"rendered":"<p>Com cada any per aquestes dates, us proposem una col\u00b7laboraci\u00f3 m\u00e0gica que no va lligada directament amb les q\u00fcestions acad\u00e8miques, per\u00f2 s\u00ed que \u00e9s educativa i de lleure. Des de Celr\u00e0 s\u2019est\u00e0 preparant la rebuda dels Reis d\u2019Orient i els falten patges. Els ajudeu?<\/p>\n<p><a href=\"https:\/\/agora.xtec.cat\/iesdecelra\/wp-content\/uploads\/usu1789\/2019\/12\/IMG-20191216-WA0010.jpg\"><img loading=\"lazy\" decoding=\"async\" class=\"size-large wp-image-2857 aligncenter\" src=\"https:\/\/agora.xtec.cat\/iesdecelra\/wp-content\/uploads\/usu1789\/2019\/12\/IMG-20191216-WA0010-576x1024.jpg\" alt=\"\" width=\"576\" height=\"1024\" srcset=\"https:\/\/agora.xtec.cat\/iesdecelra\/wp-content\/uploads\/usu1789\/2019\/12\/IMG-20191216-WA0010-576x1024.jpg 576w, https:\/\/agora.xtec.cat\/iesdecelra\/wp-content\/uploads\/usu1789\/2019\/12\/IMG-20191216-WA0010-169x300.jpg 169w, https:\/\/agora.xtec.cat\/iesdecelra\/wp-content\/uploads\/usu1789\/2019\/12\/IMG-20191216-WA0010-768x1365.jpg 768w, https:\/\/agora.xtec.cat\/iesdecelra\/wp-content\/uploads\/usu1789\/2019\/12\/IMG-20191216-WA0010.jpg 1080w\" sizes=\"auto, (max-width: 576px) 100vw, 576px\" \/><\/a><\/p>\n<p>&nbsp;<\/p>\n","protected":false},"excerpt":{"rendered":"<p>Com cada any per aquestes dates, us proposem una col\u00b7laboraci\u00f3 m\u00e0gica que no va lligada directament amb les q\u00fcestions acad\u00e8miques, per\u00f2 s\u00ed que \u00e9s educativa i de lleure. Des de Celr\u00e0 s\u2019est\u00e0 preparant la rebuda dels Reis d\u2019Orient i els falten patges. Els ajudeu?<br \/>\n<a href=\"https:\/\/agora.xtec.cat\/iesdecelra\/wp-content\/uploads\/usu1789\/2019\/12\/IMG-20191216-WA0010.jpg\"><\/a><br \/>\n&nbsp;<\/p>\n","protected":false},"author":1,"featured_media":2859,"comment_status":"open","ping_status":"closed","sticky":false,"template":"","format":"standard","meta":{"_bbp_topic_count":0,"_bbp_reply_count":0,"_bbp_total_topic_count":0,"_bbp_total_reply_count":0,"_bbp_voice_count":0,"_bbp_anonymous_reply_count":0,"_bbp_topic_count_hidden":0,"_bbp_reply_count_hidden":0,"_bbp_forum_subforum_count":0,"footnotes":""},"categories":[103],"tags":[239,256],"class_list":["post-2856","post","type-post","status-publish","format-standard","has-post-thumbnail","hentry","category-actualitat","tag-curs-2019-2020","tag-reis-dorient"],"post_mailing_queue_ids":[],"_links":{"self":[{"href":"https:\/\/agora.xtec.cat\/iesdecelra\/wp-json\/wp\/v2\/posts\/2856","targetHints":{"allow":["GET"]}}],"collection":[{"href":"https:\/\/agora.xtec.cat\/iesdecelra\/wp-json\/wp\/v2\/posts"}],"about":[{"href":"https:\/\/agora.xtec.cat\/iesdecelra\/wp-json\/wp\/v2\/types\/post"}],"author":[{"embeddable":true,"href":"https:\/\/agora.xtec.cat\/iesdecelra\/wp-json\/wp\/v2\/users\/1"}],"replies":[{"embeddable":true,"href":"https:\/\/agora.xtec.cat\/iesdecelra\/wp-json\/wp\/v2\/comments?post=2856"}],"version-history":[{"count":1,"href":"https:\/\/agora.xtec.cat\/iesdecelra\/wp-json\/wp\/v2\/posts\/2856\/revisions"}],"predecessor-version":[{"id":2858,"href":"https:\/\/agora.xtec.cat\/iesdecelra\/wp-json\/wp\/v2\/posts\/2856\/revisions\/2858"}],"wp:featuredmedia":[{"embeddable":true,"href":"https:\/\/agora.xtec.cat\/iesdecelra\/wp-json\/wp\/v2\/media\/2859"}],"wp:attachment":[{"href":"https:\/\/agora.xtec.cat\/iesdecelra\/wp-json\/wp\/v2\/media?parent=2856"}],"wp:term":[{"taxonomy":"category","embeddable":true,"href":"https:\/\/agora.xtec.cat\/iesdecelra\/wp-json\/wp\/v2\/categories?post=2856"},{"taxonomy":"post_tag","embeddable":true,"href":"https:\/\/agora.xtec.cat\/iesdecelra\/wp-json\/wp\/v2\/tags?post=2856"}],"curies":[{"name":"wp","href":"https:\/\/api.w.org\/{rel}","templated":true}]}}