{"id":2852,"date":"2019-12-16T11:29:39","date_gmt":"2019-12-16T10:29:39","guid":{"rendered":"http:\/\/agora.xtec.cat\/iesdecelra\/?p=2852"},"modified":"2019-12-16T11:29:39","modified_gmt":"2019-12-16T10:29:39","slug":"16-de-desembre-de-2019","status":"publish","type":"post","link":"https:\/\/agora.xtec.cat\/iesdecelra\/general\/musica-de-la-setmana\/16-de-desembre-de-2019\/","title":{"rendered":"16 de desembre de 2019"},"content":{"rendered":"<p>Aquesta setmana sona a l\u2019Institut <em>La dansa de la fada de sucre (Dance or t\u2019he Sugar Plum Fairy)\u00a0<\/em>en una versi\u00f3 de Lindsey Stirling.<\/p>\n<p><iframe loading=\"lazy\" title=\"Lindsey Stirling - Dance of the Sugar Plum Fairy (Official Music Video)\" width=\"500\" height=\"281\" src=\"https:\/\/www.youtube.com\/embed\/0RkSy6ElNIY?feature=oembed\" frameborder=\"0\" allow=\"accelerometer; autoplay; clipboard-write; encrypted-media; gyroscope; picture-in-picture; web-share\" referrerpolicy=\"strict-origin-when-cross-origin\" allowfullscreen><\/iframe><\/p>\n<p>Per\u00f2 a 1a hora i a l\u2019inici del 2n pati canviem de m\u00fasica perqu\u00e8 soni Atrapades en el g\u00e8nere de l\u2019escola Fructu\u00f3s Gelabert de Barcelona. La tradicional nadala \u201cFum, Fum, Fum\u201d s\u2019ha convertit en un rap que reivindica amb humor unes festes m\u00e9s igualit\u00e0ries i lliures d\u2019estereotips de g\u00e8nere.\u00a0A m\u00e9s dels<strong> infants de l\u2019escola<\/strong>, a la iniciativa s\u2019hi han engrescat a col\u00b7laborar els seg\u00fcents artistes: <strong>Rikki<\/strong>, del grup infantil <strong>Xiula<\/strong>, <strong>Elena Gadel<\/strong>,<strong> Mariona Castillo<\/strong> i <strong>Clara Peya<\/strong>.<\/p>\n<p>&nbsp;<\/p>\n<p><iframe loading=\"lazy\" title=\"Atrapades en el g\u00e8nere (fuig, fuig, fuig)\" width=\"500\" height=\"281\" src=\"https:\/\/www.youtube.com\/embed\/b9VedGkhS0I?feature=oembed\" frameborder=\"0\" allow=\"accelerometer; autoplay; clipboard-write; encrypted-media; gyroscope; picture-in-picture; web-share\" referrerpolicy=\"strict-origin-when-cross-origin\" allowfullscreen><\/iframe><\/p>\n<p>&nbsp;<\/p>\n","protected":false},"excerpt":{"rendered":"<p>Aquesta setmana sona a l\u2019Institut La dansa de la fada de sucre (Dance or t\u2019he Sugar Plum Fairy)\u00a0en una versi\u00f3 de Lindsey Stirling.<\/p>\n<p>Per\u00f2 a 1a hora i a l\u2019inici del 2n pati canviem de m\u00fasica perqu\u00e8 soni Atrapades en el g\u00e8nere de l\u2019escola Fructu\u00f3s Gelabert&hellip;  <a href=\"https:\/\/agora.xtec.cat\/iesdecelra\/general\/musica-de-la-setmana\/16-de-desembre-de-2019\/\" title=\"Read 16 de desembre de 2019\">Llegeix m\u00e9s\u00bb<\/a><\/p>\n","protected":false},"author":1,"featured_media":0,"comment_status":"open","ping_status":"closed","sticky":false,"template":"","format":"standard","meta":{"_bbp_topic_count":0,"_bbp_reply_count":0,"_bbp_total_topic_count":0,"_bbp_total_reply_count":0,"_bbp_voice_count":0,"_bbp_anonymous_reply_count":0,"_bbp_topic_count_hidden":0,"_bbp_reply_count_hidden":0,"_bbp_forum_subforum_count":0,"footnotes":""},"categories":[122],"tags":[239,123],"class_list":["post-2852","post","type-post","status-publish","format-standard","hentry","category-musica-de-la-setmana","tag-curs-2019-2020","tag-musica-de-la-setmana"],"post_mailing_queue_ids":[],"_links":{"self":[{"href":"https:\/\/agora.xtec.cat\/iesdecelra\/wp-json\/wp\/v2\/posts\/2852","targetHints":{"allow":["GET"]}}],"collection":[{"href":"https:\/\/agora.xtec.cat\/iesdecelra\/wp-json\/wp\/v2\/posts"}],"about":[{"href":"https:\/\/agora.xtec.cat\/iesdecelra\/wp-json\/wp\/v2\/types\/post"}],"author":[{"embeddable":true,"href":"https:\/\/agora.xtec.cat\/iesdecelra\/wp-json\/wp\/v2\/users\/1"}],"replies":[{"embeddable":true,"href":"https:\/\/agora.xtec.cat\/iesdecelra\/wp-json\/wp\/v2\/comments?post=2852"}],"version-history":[{"count":1,"href":"https:\/\/agora.xtec.cat\/iesdecelra\/wp-json\/wp\/v2\/posts\/2852\/revisions"}],"predecessor-version":[{"id":2855,"href":"https:\/\/agora.xtec.cat\/iesdecelra\/wp-json\/wp\/v2\/posts\/2852\/revisions\/2855"}],"wp:attachment":[{"href":"https:\/\/agora.xtec.cat\/iesdecelra\/wp-json\/wp\/v2\/media?parent=2852"}],"wp:term":[{"taxonomy":"category","embeddable":true,"href":"https:\/\/agora.xtec.cat\/iesdecelra\/wp-json\/wp\/v2\/categories?post=2852"},{"taxonomy":"post_tag","embeddable":true,"href":"https:\/\/agora.xtec.cat\/iesdecelra\/wp-json\/wp\/v2\/tags?post=2852"}],"curies":[{"name":"wp","href":"https:\/\/api.w.org\/{rel}","templated":true}]}}