{"id":2844,"date":"2019-12-16T11:08:56","date_gmt":"2019-12-16T10:08:56","guid":{"rendered":"http:\/\/agora.xtec.cat\/iesdecelra\/?p=2844"},"modified":"2019-12-16T11:08:56","modified_gmt":"2019-12-16T10:08:56","slug":"cartell-marato-2019","status":"publish","type":"post","link":"https:\/\/agora.xtec.cat\/iesdecelra\/cursos\/eso\/eso-4\/cartell-marato-2019\/","title":{"rendered":"CARTELL MARAT\u00d3 2019"},"content":{"rendered":"<p><a href=\"https:\/\/agora.xtec.cat\/iesdecelra\/wp-content\/uploads\/usu1789\/2019\/12\/CartellMarato19.png\"><img loading=\"lazy\" decoding=\"async\" class=\"alignnone size-large wp-image-2845\" src=\"https:\/\/agora.xtec.cat\/iesdecelra\/wp-content\/uploads\/usu1789\/2019\/12\/CartellMarato19-1024x498.png\" alt=\"\" width=\"1024\" height=\"498\" srcset=\"https:\/\/agora.xtec.cat\/iesdecelra\/wp-content\/uploads\/usu1789\/2019\/12\/CartellMarato19-1024x498.png 1024w, https:\/\/agora.xtec.cat\/iesdecelra\/wp-content\/uploads\/usu1789\/2019\/12\/CartellMarato19-300x146.png 300w, https:\/\/agora.xtec.cat\/iesdecelra\/wp-content\/uploads\/usu1789\/2019\/12\/CartellMarato19-768x373.png 768w, https:\/\/agora.xtec.cat\/iesdecelra\/wp-content\/uploads\/usu1789\/2019\/12\/CartellMarato19.png 1080w\" sizes=\"auto, (max-width: 1024px) 100vw, 1024px\" \/><\/a><\/p>\n<p>Els alumnes de\u00a0 l&#8217;optativa d&#8217;Educaci\u00f3 Visual i Pl\u00e0stica de 4t d&#8217;ESO han participat aquest curs al 21\u00e8 Concurs Pinta La Marat\u00f3.\u00a0 L&#8217;objectiu del treball i del concurs \u00e9s fomentar la solidaritat i el coneixement del joves sobre les malalties minorit\u00e0ries, que han centrar La Marat\u00f3 d&#8217;aquest 2019.<\/p>\n<p>La proposta de disseny feta per l&#8217;alumne Ferran del Molino i que despr\u00e9s tots han materialitzat ha estat seleccionada com a finalista.<\/p>\n<p>Felicitats a tots!<\/p>\n<p><a href=\"https:\/\/agora.xtec.cat\/iesdecelra\/wp-content\/uploads\/usu1789\/2019\/12\/marato.png\"><img loading=\"lazy\" decoding=\"async\" class=\"alignnone size-full wp-image-2850\" src=\"https:\/\/agora.xtec.cat\/iesdecelra\/wp-content\/uploads\/usu1789\/2019\/12\/marato.png\" alt=\"\" width=\"454\" height=\"458\" srcset=\"https:\/\/agora.xtec.cat\/iesdecelra\/wp-content\/uploads\/usu1789\/2019\/12\/marato.png 454w, https:\/\/agora.xtec.cat\/iesdecelra\/wp-content\/uploads\/usu1789\/2019\/12\/marato-150x150.png 150w, https:\/\/agora.xtec.cat\/iesdecelra\/wp-content\/uploads\/usu1789\/2019\/12\/marato-297x300.png 297w\" sizes=\"auto, (max-width: 454px) 100vw, 454px\" \/><\/a><\/p>\n<div><\/div>\n","protected":false},"excerpt":{"rendered":"<p><a href=\"https:\/\/agora.xtec.cat\/iesdecelra\/wp-content\/uploads\/usu1789\/2019\/12\/CartellMarato19.png\"><\/a><br \/>\nEls alumnes de\u00a0 l&#8217;optativa d&#8217;Educaci\u00f3 Visual i Pl\u00e0stica de 4t d&#8217;ESO han participat aquest curs al 21\u00e8 Concurs Pinta La Marat\u00f3.\u00a0 L&#8217;objectiu del treball i del concurs \u00e9s fomentar la solidaritat i el coneixement del joves sobre les malalties minorit\u00e0ries, que han centrar La&hellip;  <a href=\"https:\/\/agora.xtec.cat\/iesdecelra\/cursos\/eso\/eso-4\/cartell-marato-2019\/\" title=\"Read CARTELL MARAT\u00d3 2019\">Llegeix m\u00e9s\u00bb<\/a><\/p>\n","protected":false},"author":1,"featured_media":2845,"comment_status":"open","ping_status":"closed","sticky":false,"template":"","format":"standard","meta":{"_bbp_topic_count":0,"_bbp_reply_count":0,"_bbp_total_topic_count":0,"_bbp_total_reply_count":0,"_bbp_voice_count":0,"_bbp_anonymous_reply_count":0,"_bbp_topic_count_hidden":0,"_bbp_reply_count_hidden":0,"_bbp_forum_subforum_count":0,"footnotes":""},"categories":[103,7],"tags":[239,254,255],"class_list":["post-2844","post","type-post","status-publish","format-standard","has-post-thumbnail","hentry","category-actualitat","category-eso-4","tag-curs-2019-2020","tag-departament-deducacio-visual-i-plastica","tag-la-marato"],"post_mailing_queue_ids":[],"_links":{"self":[{"href":"https:\/\/agora.xtec.cat\/iesdecelra\/wp-json\/wp\/v2\/posts\/2844","targetHints":{"allow":["GET"]}}],"collection":[{"href":"https:\/\/agora.xtec.cat\/iesdecelra\/wp-json\/wp\/v2\/posts"}],"about":[{"href":"https:\/\/agora.xtec.cat\/iesdecelra\/wp-json\/wp\/v2\/types\/post"}],"author":[{"embeddable":true,"href":"https:\/\/agora.xtec.cat\/iesdecelra\/wp-json\/wp\/v2\/users\/1"}],"replies":[{"embeddable":true,"href":"https:\/\/agora.xtec.cat\/iesdecelra\/wp-json\/wp\/v2\/comments?post=2844"}],"version-history":[{"count":3,"href":"https:\/\/agora.xtec.cat\/iesdecelra\/wp-json\/wp\/v2\/posts\/2844\/revisions"}],"predecessor-version":[{"id":2851,"href":"https:\/\/agora.xtec.cat\/iesdecelra\/wp-json\/wp\/v2\/posts\/2844\/revisions\/2851"}],"wp:featuredmedia":[{"embeddable":true,"href":"https:\/\/agora.xtec.cat\/iesdecelra\/wp-json\/wp\/v2\/media\/2845"}],"wp:attachment":[{"href":"https:\/\/agora.xtec.cat\/iesdecelra\/wp-json\/wp\/v2\/media?parent=2844"}],"wp:term":[{"taxonomy":"category","embeddable":true,"href":"https:\/\/agora.xtec.cat\/iesdecelra\/wp-json\/wp\/v2\/categories?post=2844"},{"taxonomy":"post_tag","embeddable":true,"href":"https:\/\/agora.xtec.cat\/iesdecelra\/wp-json\/wp\/v2\/tags?post=2844"}],"curies":[{"name":"wp","href":"https:\/\/api.w.org\/{rel}","templated":true}]}}