{"id":2833,"date":"2019-12-12T21:20:23","date_gmt":"2019-12-12T20:20:23","guid":{"rendered":"http:\/\/agora.xtec.cat\/iesdecelra\/?p=2833"},"modified":"2019-12-12T21:24:10","modified_gmt":"2019-12-12T20:24:10","slug":"1r-concurs-de-coets-de-linstitut-de-celra","status":"publish","type":"post","link":"https:\/\/agora.xtec.cat\/iesdecelra\/cursos\/eso\/eso-1\/1r-concurs-de-coets-de-linstitut-de-celra\/","title":{"rendered":"1r CONCURS DE COETS DE L&#8217;INSTITUT DE CELR\u00c0"},"content":{"rendered":"<p style=\"text-align: justify;\">El dimecres 27 de novembre l&#8217;Institut de Celr\u00e0 va celebrar el seu 1r concurs de coets en el marc de la Setmana de la Ci\u00e8ncia. La convocat\u00f2ria era oberta a tots els alumnes, i es van presentar grups tant de 1r d&#8217;ESO com de 1r de batxillerat. Felicitem a tots els participants; tots els coets presentats estaven molt treballats i eren molt originals i diferents. La demostraci\u00f3 va ser un \u00e8xit, amb moments d&#8217;euf\u00f2ria i moments de grans dubtes i incertesa. No tot va sortir com estava previst, per\u00f2 va ser molt divertit i esperem repetir el curs vinent amb m\u00e9s participaci\u00f3.<\/p>\n<p style=\"text-align: justify;\">Volem agrair la participaci\u00f3 de tots els alumnes i tamb\u00e9 especialment la col\u00b7laboraci\u00f3 de l&#8217;AMPA amb el premi que es va lliurar als primers classificats.<\/p>\n<p style=\"text-align: justify;\">Els guanyadors d&#8217;aquest 1r concurs de coets de l&#8217;Institut de Celr\u00e0 van ser Wei Jie Lai, Maiol Colom i Guillem Falg\u00e0s (1r de batxillerat). Ara b\u00e9,\u00a0els alumnes de 1r d&#8217;ESO van fer un gran paper i tot fa pensar que si segueixen aix\u00ed les properes edicions seran encara m\u00e9s renyides.<\/p>\n<p><a href=\"https:\/\/agora.xtec.cat\/iesdecelra\/wp-content\/uploads\/usu1789\/2019\/12\/coets1.jpg\"><img loading=\"lazy\" decoding=\"async\" class=\"size-full wp-image-2835 aligncenter\" src=\"https:\/\/agora.xtec.cat\/iesdecelra\/wp-content\/uploads\/usu1789\/2019\/12\/coets1.jpg\" alt=\"\" width=\"800\" height=\"600\" srcset=\"https:\/\/agora.xtec.cat\/iesdecelra\/wp-content\/uploads\/usu1789\/2019\/12\/coets1.jpg 800w, https:\/\/agora.xtec.cat\/iesdecelra\/wp-content\/uploads\/usu1789\/2019\/12\/coets1-300x225.jpg 300w, https:\/\/agora.xtec.cat\/iesdecelra\/wp-content\/uploads\/usu1789\/2019\/12\/coets1-768x576.jpg 768w, https:\/\/agora.xtec.cat\/iesdecelra\/wp-content\/uploads\/usu1789\/2019\/12\/coets1-200x150.jpg 200w\" sizes=\"auto, (max-width: 800px) 100vw, 800px\" \/><\/a><\/p>\n<p>Podeu veure dos enlairaments de coets (un d&#8217;ells el del coet guanyador) a continuaci\u00f3.<\/p>\n<p><iframe loading=\"lazy\" title=\"Enlairament de coet en el 1r concurs de coets de l&#039;Institut de Celr\u00e0\" width=\"500\" height=\"281\" src=\"https:\/\/www.youtube.com\/embed\/JI6v1IgAmOE?feature=oembed\" frameborder=\"0\" allow=\"accelerometer; autoplay; clipboard-write; encrypted-media; gyroscope; picture-in-picture; web-share\" referrerpolicy=\"strict-origin-when-cross-origin\" allowfullscreen><\/iframe><\/p>\n<p><iframe loading=\"lazy\" title=\"ENLAIRAMENT COET GUANYADOR 1r Concurs de coets Institut de Celr\u00e0\" width=\"500\" height=\"281\" src=\"https:\/\/www.youtube.com\/embed\/uhk_pQ14X6E?feature=oembed\" frameborder=\"0\" allow=\"accelerometer; autoplay; clipboard-write; encrypted-media; gyroscope; picture-in-picture; web-share\" referrerpolicy=\"strict-origin-when-cross-origin\" allowfullscreen><\/iframe><\/p>\n","protected":false},"excerpt":{"rendered":"<p>El dimecres 27 de novembre l&#8217;Institut de Celr\u00e0 va celebrar el seu 1r concurs de coets en el marc de la Setmana de la Ci\u00e8ncia. La convocat\u00f2ria era oberta a tots els alumnes, i es van presentar grups tant de 1r d&#8217;ESO com de 1r&hellip;  <a href=\"https:\/\/agora.xtec.cat\/iesdecelra\/cursos\/eso\/eso-1\/1r-concurs-de-coets-de-linstitut-de-celra\/\" title=\"Read 1r CONCURS DE COETS DE L&#8217;INSTITUT DE CELR\u00c0\">Llegeix m\u00e9s\u00bb<\/a><\/p>\n","protected":false},"author":1,"featured_media":2838,"comment_status":"open","ping_status":"closed","sticky":false,"template":"","format":"standard","meta":{"_bbp_topic_count":0,"_bbp_reply_count":0,"_bbp_total_topic_count":0,"_bbp_total_reply_count":0,"_bbp_voice_count":0,"_bbp_anonymous_reply_count":0,"_bbp_topic_count_hidden":0,"_bbp_reply_count_hidden":0,"_bbp_forum_subforum_count":0,"footnotes":""},"categories":[103,31,8,218,4],"tags":[239,224,144],"class_list":["post-2833","post","type-post","status-publish","format-standard","has-post-thumbnail","hentry","category-actualitat","category-afa","category-batxillerat","category-concursos-i-premis","category-eso-1","tag-curs-2019-2020","tag-departament-de-ciencies","tag-setmana-de-la-ciencia"],"post_mailing_queue_ids":[],"_links":{"self":[{"href":"https:\/\/agora.xtec.cat\/iesdecelra\/wp-json\/wp\/v2\/posts\/2833","targetHints":{"allow":["GET"]}}],"collection":[{"href":"https:\/\/agora.xtec.cat\/iesdecelra\/wp-json\/wp\/v2\/posts"}],"about":[{"href":"https:\/\/agora.xtec.cat\/iesdecelra\/wp-json\/wp\/v2\/types\/post"}],"author":[{"embeddable":true,"href":"https:\/\/agora.xtec.cat\/iesdecelra\/wp-json\/wp\/v2\/users\/1"}],"replies":[{"embeddable":true,"href":"https:\/\/agora.xtec.cat\/iesdecelra\/wp-json\/wp\/v2\/comments?post=2833"}],"version-history":[{"count":2,"href":"https:\/\/agora.xtec.cat\/iesdecelra\/wp-json\/wp\/v2\/posts\/2833\/revisions"}],"predecessor-version":[{"id":2837,"href":"https:\/\/agora.xtec.cat\/iesdecelra\/wp-json\/wp\/v2\/posts\/2833\/revisions\/2837"}],"wp:featuredmedia":[{"embeddable":true,"href":"https:\/\/agora.xtec.cat\/iesdecelra\/wp-json\/wp\/v2\/media\/2838"}],"wp:attachment":[{"href":"https:\/\/agora.xtec.cat\/iesdecelra\/wp-json\/wp\/v2\/media?parent=2833"}],"wp:term":[{"taxonomy":"category","embeddable":true,"href":"https:\/\/agora.xtec.cat\/iesdecelra\/wp-json\/wp\/v2\/categories?post=2833"},{"taxonomy":"post_tag","embeddable":true,"href":"https:\/\/agora.xtec.cat\/iesdecelra\/wp-json\/wp\/v2\/tags?post=2833"}],"curies":[{"name":"wp","href":"https:\/\/api.w.org\/{rel}","templated":true}]}}