{"id":2831,"date":"2019-12-15T19:58:23","date_gmt":"2019-12-15T18:58:23","guid":{"rendered":"http:\/\/agora.xtec.cat\/iesdecelra\/?p=2831"},"modified":"2019-12-15T19:58:46","modified_gmt":"2019-12-15T18:58:46","slug":"1r-deso-sortida-a-la-draga","status":"publish","type":"post","link":"https:\/\/agora.xtec.cat\/iesdecelra\/cursos\/eso\/eso-1\/1r-deso-sortida-a-la-draga\/","title":{"rendered":"1r d&#8217;ESO: SORTIDA A LA DRAGA"},"content":{"rendered":"<p>Aquesta setmana els sis grups de 1r d\u2019ESO han visitat el jaciment del poblat neol\u00edtic del parc de la Draga de Banyoles, descobert l\u2019abril de 1990. \u00c9s un assentament del neol\u00edtic antic (5300-5100 aC) que es va establir a la vora oriental de l\u2019Estany de Banyoles. All\u00ed van construir grans cabanes rectangulars de roure, amb les seves palissades, focs culinaris i fosses de residus. La seva excavaci\u00f3 en ha fornit de milers d\u2019objectes del neol\u00edtic (vasos cer\u00e0mics, eines d\u2019os, de s\u00edlex tallat o de pedra polida) d\u2019entre els quals destaquen els fabricats en fusta (fal\u00e7s, aixes, pals cavadors, recipients, cullerots, pintes, arcs i sagetes). Aquests darrers objectes s\u00f3n \u00fanics a la Pen\u00ednsula Ib\u00e8rica i s\u2019han conservat gr\u00e0cies a l\u2019ambient anaer\u00f2bic (manca d\u2019oxigen) en qu\u00e8 \u00a0van romandre des de finals del VI mil\u00b7lenni aC.<\/p>\n<p>Aquesta sortida s\u2019organitza des del Departament de ci\u00e8ncies socials. \u00c9s una visita molt amena perqu\u00e8 es fan diversos tallers: de cer\u00e0mica, d\u2019eines, de fer foc\u2026 en qu\u00e8 els alumnes poden veure com es vivia en un poblat neol\u00edtic.<\/p>\n<p>Podeu consultar l&#8217;\u00e0lbum de fotografies de les visites clicant <a href=\"https:\/\/photos.app.goo.gl\/pASNSizsm2n2mahd8\">AQU\u00cd<\/a> o sobre la imatge.<\/p>\n<p><a href=\"https:\/\/photos.app.goo.gl\/pASNSizsm2n2mahd8\"><img loading=\"lazy\" decoding=\"async\" class=\"size-large wp-image-2840 aligncenter\" src=\"https:\/\/agora.xtec.cat\/iesdecelra\/wp-content\/uploads\/usu1789\/2019\/12\/20191210_121453-e1576436247234-576x1024.jpg\" alt=\"\" width=\"576\" height=\"1024\" srcset=\"https:\/\/agora.xtec.cat\/iesdecelra\/wp-content\/uploads\/usu1789\/2019\/12\/20191210_121453-e1576436247234-576x1024.jpg 576w, https:\/\/agora.xtec.cat\/iesdecelra\/wp-content\/uploads\/usu1789\/2019\/12\/20191210_121453-e1576436247234-169x300.jpg 169w, https:\/\/agora.xtec.cat\/iesdecelra\/wp-content\/uploads\/usu1789\/2019\/12\/20191210_121453-e1576436247234-768x1365.jpg 768w, https:\/\/agora.xtec.cat\/iesdecelra\/wp-content\/uploads\/usu1789\/2019\/12\/20191210_121453-e1576436247234.jpg 1836w\" sizes=\"auto, (max-width: 576px) 100vw, 576px\" \/><\/a><\/p>\n<p>&nbsp;<\/p>\n<p>&nbsp;<\/p>\n<p>&nbsp;<\/p>\n","protected":false},"excerpt":{"rendered":"<p>Aquesta setmana els sis grups de 1r d\u2019ESO han visitat el jaciment del poblat neol\u00edtic del parc de la Draga de Banyoles, descobert l\u2019abril de 1990. \u00c9s un assentament del neol\u00edtic antic (5300-5100 aC) que es va establir a la vora oriental de l\u2019Estany de&hellip;  <a href=\"https:\/\/agora.xtec.cat\/iesdecelra\/cursos\/eso\/eso-1\/1r-deso-sortida-a-la-draga\/\" title=\"Read 1r d&#8217;ESO: SORTIDA A LA DRAGA\">Llegeix m\u00e9s\u00bb<\/a><\/p>\n","protected":false},"author":1,"featured_media":2841,"comment_status":"open","ping_status":"closed","sticky":false,"template":"","format":"standard","meta":{"_bbp_topic_count":0,"_bbp_reply_count":0,"_bbp_total_topic_count":0,"_bbp_total_reply_count":0,"_bbp_voice_count":0,"_bbp_anonymous_reply_count":0,"_bbp_topic_count_hidden":0,"_bbp_reply_count_hidden":0,"_bbp_forum_subforum_count":0,"footnotes":""},"categories":[103,4],"tags":[239,150],"class_list":["post-2831","post","type-post","status-publish","format-standard","has-post-thumbnail","hentry","category-actualitat","category-eso-1","tag-curs-2019-2020","tag-departament-de-ciencies-socials"],"post_mailing_queue_ids":[],"_links":{"self":[{"href":"https:\/\/agora.xtec.cat\/iesdecelra\/wp-json\/wp\/v2\/posts\/2831","targetHints":{"allow":["GET"]}}],"collection":[{"href":"https:\/\/agora.xtec.cat\/iesdecelra\/wp-json\/wp\/v2\/posts"}],"about":[{"href":"https:\/\/agora.xtec.cat\/iesdecelra\/wp-json\/wp\/v2\/types\/post"}],"author":[{"embeddable":true,"href":"https:\/\/agora.xtec.cat\/iesdecelra\/wp-json\/wp\/v2\/users\/1"}],"replies":[{"embeddable":true,"href":"https:\/\/agora.xtec.cat\/iesdecelra\/wp-json\/wp\/v2\/comments?post=2831"}],"version-history":[{"count":3,"href":"https:\/\/agora.xtec.cat\/iesdecelra\/wp-json\/wp\/v2\/posts\/2831\/revisions"}],"predecessor-version":[{"id":2843,"href":"https:\/\/agora.xtec.cat\/iesdecelra\/wp-json\/wp\/v2\/posts\/2831\/revisions\/2843"}],"wp:featuredmedia":[{"embeddable":true,"href":"https:\/\/agora.xtec.cat\/iesdecelra\/wp-json\/wp\/v2\/media\/2841"}],"wp:attachment":[{"href":"https:\/\/agora.xtec.cat\/iesdecelra\/wp-json\/wp\/v2\/media?parent=2831"}],"wp:term":[{"taxonomy":"category","embeddable":true,"href":"https:\/\/agora.xtec.cat\/iesdecelra\/wp-json\/wp\/v2\/categories?post=2831"},{"taxonomy":"post_tag","embeddable":true,"href":"https:\/\/agora.xtec.cat\/iesdecelra\/wp-json\/wp\/v2\/tags?post=2831"}],"curies":[{"name":"wp","href":"https:\/\/api.w.org\/{rel}","templated":true}]}}