{"id":2827,"date":"2019-12-12T20:12:29","date_gmt":"2019-12-12T19:12:29","guid":{"rendered":"http:\/\/agora.xtec.cat\/iesdecelra\/?p=2827"},"modified":"2019-12-12T20:13:22","modified_gmt":"2019-12-12T19:13:22","slug":"9-de-desembre-de-2019","status":"publish","type":"post","link":"https:\/\/agora.xtec.cat\/iesdecelra\/general\/9-de-desembre-de-2019\/","title":{"rendered":"9 de desembre de 2019"},"content":{"rendered":"<p>El disc de la marat\u00f3 torna a regalar-nos una preciosa can\u00e7\u00f3. Aquesta setmana sona a l&#8217;institut <em>Escriurem<\/em> de Miki N\u00fa\u00f1ez. La can\u00e7\u00f3 \u00e9s la que apareix al v\u00eddeo promocional de la Marat\u00f3 de TV3 d&#8217;aquest 2019 i, a m\u00e9s, \u00e9s l&#8217;\u00faltima de la cantata UAP20 que estan preparant els alumnes de 1r d&#8217;ESO.<\/p>\n<p>I com es canta pels passadissos! \u00c9s preci\u00f3s veure que quan sona molts ens posem a cantar!<\/p>\n<p><iframe loading=\"lazy\" title=\"Escriurem\" width=\"500\" height=\"375\" src=\"https:\/\/www.youtube.com\/embed\/NvNfZRto3Fw?feature=oembed\" frameborder=\"0\" allow=\"accelerometer; autoplay; clipboard-write; encrypted-media; gyroscope; picture-in-picture; web-share\" referrerpolicy=\"strict-origin-when-cross-origin\" allowfullscreen><\/iframe><\/p>\n<p>&nbsp;<\/p>\n<p>&nbsp;<\/p>\n","protected":false},"excerpt":{"rendered":"<p>El disc de la marat\u00f3 torna a regalar-nos una preciosa can\u00e7\u00f3. Aquesta setmana sona a l&#8217;institut Escriurem de Miki N\u00fa\u00f1ez. La can\u00e7\u00f3 \u00e9s la que apareix al v\u00eddeo promocional de la Marat\u00f3 de TV3 d&#8217;aquest 2019 i, a m\u00e9s, \u00e9s l&#8217;\u00faltima de la cantata UAP20&hellip;  <a href=\"https:\/\/agora.xtec.cat\/iesdecelra\/general\/9-de-desembre-de-2019\/\" title=\"Read 9 de desembre de 2019\">Llegeix m\u00e9s\u00bb<\/a><\/p>\n","protected":false},"author":1,"featured_media":2829,"comment_status":"open","ping_status":"closed","sticky":false,"template":"","format":"standard","meta":{"_bbp_topic_count":0,"_bbp_reply_count":0,"_bbp_total_topic_count":0,"_bbp_total_reply_count":0,"_bbp_voice_count":0,"_bbp_anonymous_reply_count":0,"_bbp_topic_count_hidden":0,"_bbp_reply_count_hidden":0,"_bbp_forum_subforum_count":0,"footnotes":""},"categories":[1,122],"tags":[239,123],"class_list":["post-2827","post","type-post","status-publish","format-standard","has-post-thumbnail","hentry","category-general","category-musica-de-la-setmana","tag-curs-2019-2020","tag-musica-de-la-setmana"],"post_mailing_queue_ids":[],"_links":{"self":[{"href":"https:\/\/agora.xtec.cat\/iesdecelra\/wp-json\/wp\/v2\/posts\/2827","targetHints":{"allow":["GET"]}}],"collection":[{"href":"https:\/\/agora.xtec.cat\/iesdecelra\/wp-json\/wp\/v2\/posts"}],"about":[{"href":"https:\/\/agora.xtec.cat\/iesdecelra\/wp-json\/wp\/v2\/types\/post"}],"author":[{"embeddable":true,"href":"https:\/\/agora.xtec.cat\/iesdecelra\/wp-json\/wp\/v2\/users\/1"}],"replies":[{"embeddable":true,"href":"https:\/\/agora.xtec.cat\/iesdecelra\/wp-json\/wp\/v2\/comments?post=2827"}],"version-history":[{"count":2,"href":"https:\/\/agora.xtec.cat\/iesdecelra\/wp-json\/wp\/v2\/posts\/2827\/revisions"}],"predecessor-version":[{"id":2830,"href":"https:\/\/agora.xtec.cat\/iesdecelra\/wp-json\/wp\/v2\/posts\/2827\/revisions\/2830"}],"wp:featuredmedia":[{"embeddable":true,"href":"https:\/\/agora.xtec.cat\/iesdecelra\/wp-json\/wp\/v2\/media\/2829"}],"wp:attachment":[{"href":"https:\/\/agora.xtec.cat\/iesdecelra\/wp-json\/wp\/v2\/media?parent=2827"}],"wp:term":[{"taxonomy":"category","embeddable":true,"href":"https:\/\/agora.xtec.cat\/iesdecelra\/wp-json\/wp\/v2\/categories?post=2827"},{"taxonomy":"post_tag","embeddable":true,"href":"https:\/\/agora.xtec.cat\/iesdecelra\/wp-json\/wp\/v2\/tags?post=2827"}],"curies":[{"name":"wp","href":"https:\/\/api.w.org\/{rel}","templated":true}]}}