{"id":2821,"date":"2019-12-12T19:59:20","date_gmt":"2019-12-12T18:59:20","guid":{"rendered":"http:\/\/agora.xtec.cat\/iesdecelra\/?p=2821"},"modified":"2019-12-12T19:59:20","modified_gmt":"2019-12-12T18:59:20","slug":"uap20-ja-preparem-la-cantata","status":"publish","type":"post","link":"https:\/\/agora.xtec.cat\/iesdecelra\/cursos\/eso\/eso-1\/uap20-ja-preparem-la-cantata\/","title":{"rendered":"UAP20: JA PREPAREM LA CANTATA!"},"content":{"rendered":"<p style=\"text-align: justify;\">Els alumnes de 1r d&#8217;ESO de l&#8217;Institut de Celr\u00e0 participaran a la cantata per la pau UAP20. Us la presentem i, tot i que ells actuaran en les sessions escolars del mat\u00ed, us animem a venir com a p\u00fablic en un espectacle musical que fa reflexionar a petits i grans.<\/p>\n<h3><\/h3>\n<h3>UAP 20 Galileu Galilei. Fe, ra\u00f3, ci\u00e8ncia.<\/h3>\n<p style=\"text-align: justify;\">L\u2019obra de teatre d\u2019en Bertolt Brecht Galileu Galilei ens ha inspirat per construir l\u2019espectacle uap20 que reflexiona sobre la fe, la ra\u00f3 i la ci\u00e8ncia. S\u00f3n conceptes independents o entre ells hi ha una relaci\u00f3 inevitable?<\/p>\n<p style=\"text-align: justify;\">Ens preguntem qu\u00e8 fan els joves a l\u2019hora de prendre decisions. Com actuen davant les normes imposades que nom\u00e9s cerquen la perpetu\u00eftat del poder? Com s\u2019enfronten a l\u2019evoluci\u00f3 de la ci\u00e8ncia i la tecnologia?<br \/>\nGalileu Galilei va ser un jove cient\u00edfic que en el seu moment es va haver d\u2019enfrontar a un munt d\u2019enigmes que l\u2019envoltaven dia a dia: la terra \u00e9s plana o rodona? Est\u00e0 formada per nom\u00e9s quatre elements? La lluna est\u00e0 feta d\u2019\u00e8ter?<br \/>\nL\u2019objectiu de la Uap20 \u00e9s plantejar aquestes mateixes preguntes als joves d\u2019avui, reflexionar si all\u00f2 que ens diuen \u00e9s cert i si les normes sota les quals vivim s\u00f3n err\u00f2nies o no.<\/p>\n<p>&nbsp;<\/p>\n<p><a href=\"https:\/\/agora.xtec.cat\/iesdecelra\/wp-content\/uploads\/usu1789\/2019\/12\/Captura-de-pantalla-2019-12-12-a-les-19.55.19-copia.jpg\"><img loading=\"lazy\" decoding=\"async\" class=\"alignnone size-large wp-image-2825\" src=\"https:\/\/agora.xtec.cat\/iesdecelra\/wp-content\/uploads\/usu1789\/2019\/12\/Captura-de-pantalla-2019-12-12-a-les-19.55.19-copia-1024x660.jpg\" alt=\"\" width=\"1024\" height=\"660\" srcset=\"https:\/\/agora.xtec.cat\/iesdecelra\/wp-content\/uploads\/usu1789\/2019\/12\/Captura-de-pantalla-2019-12-12-a-les-19.55.19-copia-1024x660.jpg 1024w, https:\/\/agora.xtec.cat\/iesdecelra\/wp-content\/uploads\/usu1789\/2019\/12\/Captura-de-pantalla-2019-12-12-a-les-19.55.19-copia-300x193.jpg 300w, https:\/\/agora.xtec.cat\/iesdecelra\/wp-content\/uploads\/usu1789\/2019\/12\/Captura-de-pantalla-2019-12-12-a-les-19.55.19-copia-768x495.jpg 768w, https:\/\/agora.xtec.cat\/iesdecelra\/wp-content\/uploads\/usu1789\/2019\/12\/Captura-de-pantalla-2019-12-12-a-les-19.55.19-copia.jpg 1797w\" sizes=\"auto, (max-width: 1024px) 100vw, 1024px\" \/><\/a><\/p>\n","protected":false},"excerpt":{"rendered":"<p>Els alumnes de 1r d&#8217;ESO de l&#8217;Institut de Celr\u00e0 participaran a la cantata per la pau UAP20. Us la presentem i, tot i que ells actuaran en les sessions escolars del mat\u00ed, us animem a venir com a p\u00fablic en un espectacle musical que fa&hellip;  <a href=\"https:\/\/agora.xtec.cat\/iesdecelra\/cursos\/eso\/eso-1\/uap20-ja-preparem-la-cantata\/\" title=\"Read UAP20: JA PREPAREM LA CANTATA!\">Llegeix m\u00e9s\u00bb<\/a><\/p>\n","protected":false},"author":1,"featured_media":2824,"comment_status":"open","ping_status":"closed","sticky":false,"template":"","format":"standard","meta":{"_bbp_topic_count":0,"_bbp_reply_count":0,"_bbp_total_topic_count":0,"_bbp_total_reply_count":0,"_bbp_voice_count":0,"_bbp_anonymous_reply_count":0,"_bbp_topic_count_hidden":0,"_bbp_reply_count_hidden":0,"_bbp_forum_subforum_count":0,"footnotes":""},"categories":[103,4],"tags":[239,164],"class_list":["post-2821","post","type-post","status-publish","format-standard","has-post-thumbnail","hentry","category-actualitat","category-eso-1","tag-curs-2019-2020","tag-uap"],"post_mailing_queue_ids":[],"_links":{"self":[{"href":"https:\/\/agora.xtec.cat\/iesdecelra\/wp-json\/wp\/v2\/posts\/2821","targetHints":{"allow":["GET"]}}],"collection":[{"href":"https:\/\/agora.xtec.cat\/iesdecelra\/wp-json\/wp\/v2\/posts"}],"about":[{"href":"https:\/\/agora.xtec.cat\/iesdecelra\/wp-json\/wp\/v2\/types\/post"}],"author":[{"embeddable":true,"href":"https:\/\/agora.xtec.cat\/iesdecelra\/wp-json\/wp\/v2\/users\/1"}],"replies":[{"embeddable":true,"href":"https:\/\/agora.xtec.cat\/iesdecelra\/wp-json\/wp\/v2\/comments?post=2821"}],"version-history":[{"count":1,"href":"https:\/\/agora.xtec.cat\/iesdecelra\/wp-json\/wp\/v2\/posts\/2821\/revisions"}],"predecessor-version":[{"id":2826,"href":"https:\/\/agora.xtec.cat\/iesdecelra\/wp-json\/wp\/v2\/posts\/2821\/revisions\/2826"}],"wp:featuredmedia":[{"embeddable":true,"href":"https:\/\/agora.xtec.cat\/iesdecelra\/wp-json\/wp\/v2\/media\/2824"}],"wp:attachment":[{"href":"https:\/\/agora.xtec.cat\/iesdecelra\/wp-json\/wp\/v2\/media?parent=2821"}],"wp:term":[{"taxonomy":"category","embeddable":true,"href":"https:\/\/agora.xtec.cat\/iesdecelra\/wp-json\/wp\/v2\/categories?post=2821"},{"taxonomy":"post_tag","embeddable":true,"href":"https:\/\/agora.xtec.cat\/iesdecelra\/wp-json\/wp\/v2\/tags?post=2821"}],"curies":[{"name":"wp","href":"https:\/\/api.w.org\/{rel}","templated":true}]}}