{"id":2801,"date":"2019-12-02T22:59:04","date_gmt":"2019-12-02T21:59:04","guid":{"rendered":"http:\/\/agora.xtec.cat\/iesdecelra\/?p=2801"},"modified":"2019-12-02T22:59:04","modified_gmt":"2019-12-02T21:59:04","slug":"2-de-desembre-de-2019","status":"publish","type":"post","link":"https:\/\/agora.xtec.cat\/iesdecelra\/general\/2-de-desembre-de-2019\/","title":{"rendered":"2 de desembre de 2019"},"content":{"rendered":"<p><span style=\"font-size: 12pt;\">Ahir es va posar a la venda el disc de La Marat\u00f3 de TV3. En aquesta <span style=\"text-align: left; color: #3d3d3a; text-transform: none; text-indent: 0px; letter-spacing: normal; font-family: 'Roboto',Helvetica,Arial,sans-serif; font-style: normal; font-variant: normal; font-weight: 400; text-decoration: none; word-spacing: 0px; display: inline !important; white-space: normal; orphans: 2; float: none; -webkit-text-stroke-width: 0px; background-color: #ffffff;\">edici\u00f3 2019,\u00a0 el disc de La Marat\u00f3 presenta vint hist\u00f2ries que conviden a recon\u00e8ixer musicalment els sentiments que generen totes aquelles persones que conviuen amb alguna malaltia minorit\u00e0ria. Com s&#8217;ha fet sempre, des del disc de la Marat\u00f3, es proposa la vida com a objectiu i la m\u00fasica com un cam\u00ed per fer-ho evident, per afrontar, per acompanyar, per somiar i per aprendre a no rendir-se.\u00a0<\/span><\/span><\/p>\n<p><span style=\"font-size: 12pt;\">L&#8217;Institut de Celr\u00e0 ens sumem a una iniciativa solid\u00e0ria i de comprom\u00eds amb la societat com \u00e9s La Marat\u00f3 i \u00e9s per aix\u00f2 que aquesta setmana sona la can\u00e7\u00f3 <em>El m\u00f3n<\/em> interpretada per Cesk Freixas acompanyat de l&#8217;Escola Folk del Pirineu i Ol&#8217;green&#8217;.\u00a0<\/span><\/p>\n<p><iframe loading=\"lazy\" title=\"Cesk Freixas - El m\u00f3n (La Marat\u00f3 de TV3 2019)\" width=\"500\" height=\"281\" src=\"https:\/\/www.youtube.com\/embed\/7Ug5Dz1LJwk?feature=oembed\" frameborder=\"0\" allow=\"accelerometer; autoplay; clipboard-write; encrypted-media; gyroscope; picture-in-picture; web-share\" referrerpolicy=\"strict-origin-when-cross-origin\" allowfullscreen><\/iframe><\/p>\n<p>&nbsp;<\/p>\n<p>I podeu trobar un altre v\u00eddeo i la lletra de la can\u00e7\u00f3 al web de TV3:<\/p>\n<p><a href=\"https:\/\/www.ccma.cat\/tv3\/alacarta\/programa\/el-mon-per-cesk-freixas-escola-folk-del-pirineu-i-olgreen\/video\/5957597\/\">https:\/\/www.ccma.cat\/tv3\/alacarta\/programa\/el-mon-per-cesk-freixas-escola-folk-del-pirineu-i-olgreen\/video\/5957597\/<\/a><\/p>\n","protected":false},"excerpt":{"rendered":"<p>Ahir es va posar a la venda el disc de La Marat\u00f3 de TV3. En aquesta edici\u00f3 2019,\u00a0 el disc de La Marat\u00f3 presenta vint hist\u00f2ries que conviden a recon\u00e8ixer musicalment els sentiments que generen totes aquelles persones que conviuen amb alguna malaltia minorit\u00e0ria. Com&hellip;  <a href=\"https:\/\/agora.xtec.cat\/iesdecelra\/general\/2-de-desembre-de-2019\/\" title=\"Read 2 de desembre de 2019\">Llegeix m\u00e9s\u00bb<\/a><\/p>\n","protected":false},"author":1,"featured_media":2802,"comment_status":"open","ping_status":"closed","sticky":false,"template":"","format":"standard","meta":{"_bbp_topic_count":0,"_bbp_reply_count":0,"_bbp_total_topic_count":0,"_bbp_total_reply_count":0,"_bbp_voice_count":0,"_bbp_anonymous_reply_count":0,"_bbp_topic_count_hidden":0,"_bbp_reply_count_hidden":0,"_bbp_forum_subforum_count":0,"footnotes":""},"categories":[1,122],"tags":[239,123],"class_list":["post-2801","post","type-post","status-publish","format-standard","has-post-thumbnail","hentry","category-general","category-musica-de-la-setmana","tag-curs-2019-2020","tag-musica-de-la-setmana"],"post_mailing_queue_ids":[],"_links":{"self":[{"href":"https:\/\/agora.xtec.cat\/iesdecelra\/wp-json\/wp\/v2\/posts\/2801","targetHints":{"allow":["GET"]}}],"collection":[{"href":"https:\/\/agora.xtec.cat\/iesdecelra\/wp-json\/wp\/v2\/posts"}],"about":[{"href":"https:\/\/agora.xtec.cat\/iesdecelra\/wp-json\/wp\/v2\/types\/post"}],"author":[{"embeddable":true,"href":"https:\/\/agora.xtec.cat\/iesdecelra\/wp-json\/wp\/v2\/users\/1"}],"replies":[{"embeddable":true,"href":"https:\/\/agora.xtec.cat\/iesdecelra\/wp-json\/wp\/v2\/comments?post=2801"}],"version-history":[{"count":2,"href":"https:\/\/agora.xtec.cat\/iesdecelra\/wp-json\/wp\/v2\/posts\/2801\/revisions"}],"predecessor-version":[{"id":2804,"href":"https:\/\/agora.xtec.cat\/iesdecelra\/wp-json\/wp\/v2\/posts\/2801\/revisions\/2804"}],"wp:featuredmedia":[{"embeddable":true,"href":"https:\/\/agora.xtec.cat\/iesdecelra\/wp-json\/wp\/v2\/media\/2802"}],"wp:attachment":[{"href":"https:\/\/agora.xtec.cat\/iesdecelra\/wp-json\/wp\/v2\/media?parent=2801"}],"wp:term":[{"taxonomy":"category","embeddable":true,"href":"https:\/\/agora.xtec.cat\/iesdecelra\/wp-json\/wp\/v2\/categories?post=2801"},{"taxonomy":"post_tag","embeddable":true,"href":"https:\/\/agora.xtec.cat\/iesdecelra\/wp-json\/wp\/v2\/tags?post=2801"}],"curies":[{"name":"wp","href":"https:\/\/api.w.org\/{rel}","templated":true}]}}