{"id":2785,"date":"2019-11-28T22:34:43","date_gmt":"2019-11-28T21:34:43","guid":{"rendered":"http:\/\/agora.xtec.cat\/iesdecelra\/?p=2785"},"modified":"2019-11-28T22:34:43","modified_gmt":"2019-11-28T21:34:43","slug":"experiments-doptica","status":"publish","type":"post","link":"https:\/\/agora.xtec.cat\/iesdecelra\/cursos\/eso\/eso-2\/experiments-doptica\/","title":{"rendered":"EXPERIMENTS D&#8217;\u00d2PTICA"},"content":{"rendered":"<p style=\"text-align: justify;\">Els alumnes de 1r de Batxillerat de f\u00edsica van acabar el tema d&#8217;\u00f2ptica i amb motiu de la Setmana de la Ci\u00e8ncia van preparar petits monogr\u00e0fics d&#8217;aquesta branca de la f\u00edsica per als alumnes de 2n d&#8217;ESO.<\/p>\n<p style=\"text-align: justify;\">Els van explicar a trav\u00e9s d&#8217;experiments senzills els fen\u00f2mens de la reflexi\u00f3 i de la refracci\u00f3: van veure diferents miralls, com es produeix la reflexi\u00f3 en la fibra \u00f2ptica, van veure diferents tipus de lents i com l&#8217;aigua tamb\u00e9 ens pot fer de lupa, van parlar de la lluminisc\u00e8ncia, de reaccions que produeixen llum, d&#8217;algunes il\u00b7lusions \u00f2ptiques i de com es produeixen les imatges 3D.<\/p>\n<p style=\"text-align: justify;\">Va ser una bona experi\u00e8ncia. Gr\u00e0cies a tots els que la vau fer possible!<\/p>\n<p>Podeu veure un recull de fotografies dels experiments clicant <a href=\"https:\/\/photos.app.goo.gl\/sKS8vbMqDcvtuoLD7\">AQU\u00cd<\/a>.<\/p>\n<p>&nbsp;<\/p>\n<p style=\"text-align: right;\">Departament d&#8217;Experimentals<\/p>\n","protected":false},"excerpt":{"rendered":"<p>Els alumnes de 1r de Batxillerat de f\u00edsica van acabar el tema d&#8217;\u00f2ptica i amb motiu de la Setmana de la Ci\u00e8ncia van preparar petits monogr\u00e0fics d&#8217;aquesta branca de la f\u00edsica per als alumnes de 2n d&#8217;ESO.<br \/>\nEls van explicar a trav\u00e9s d&#8217;experiments senzills els fen\u00f2mens&hellip;  <a href=\"https:\/\/agora.xtec.cat\/iesdecelra\/cursos\/eso\/eso-2\/experiments-doptica\/\" title=\"Read EXPERIMENTS D&#8217;\u00d2PTICA\">Llegeix m\u00e9s\u00bb<\/a><\/p>\n","protected":false},"author":1,"featured_media":2787,"comment_status":"open","ping_status":"closed","sticky":false,"template":"","format":"standard","meta":{"_bbp_topic_count":0,"_bbp_reply_count":0,"_bbp_total_topic_count":0,"_bbp_total_reply_count":0,"_bbp_voice_count":0,"_bbp_anonymous_reply_count":0,"_bbp_topic_count_hidden":0,"_bbp_reply_count_hidden":0,"_bbp_forum_subforum_count":0,"footnotes":""},"categories":[103,8,5],"tags":[239,249,144],"class_list":["post-2785","post","type-post","status-publish","format-standard","has-post-thumbnail","hentry","category-actualitat","category-batxillerat","category-eso-2","tag-curs-2019-2020","tag-departament-dexperimentals","tag-setmana-de-la-ciencia"],"post_mailing_queue_ids":[],"_links":{"self":[{"href":"https:\/\/agora.xtec.cat\/iesdecelra\/wp-json\/wp\/v2\/posts\/2785","targetHints":{"allow":["GET"]}}],"collection":[{"href":"https:\/\/agora.xtec.cat\/iesdecelra\/wp-json\/wp\/v2\/posts"}],"about":[{"href":"https:\/\/agora.xtec.cat\/iesdecelra\/wp-json\/wp\/v2\/types\/post"}],"author":[{"embeddable":true,"href":"https:\/\/agora.xtec.cat\/iesdecelra\/wp-json\/wp\/v2\/users\/1"}],"replies":[{"embeddable":true,"href":"https:\/\/agora.xtec.cat\/iesdecelra\/wp-json\/wp\/v2\/comments?post=2785"}],"version-history":[{"count":1,"href":"https:\/\/agora.xtec.cat\/iesdecelra\/wp-json\/wp\/v2\/posts\/2785\/revisions"}],"predecessor-version":[{"id":2790,"href":"https:\/\/agora.xtec.cat\/iesdecelra\/wp-json\/wp\/v2\/posts\/2785\/revisions\/2790"}],"wp:featuredmedia":[{"embeddable":true,"href":"https:\/\/agora.xtec.cat\/iesdecelra\/wp-json\/wp\/v2\/media\/2787"}],"wp:attachment":[{"href":"https:\/\/agora.xtec.cat\/iesdecelra\/wp-json\/wp\/v2\/media?parent=2785"}],"wp:term":[{"taxonomy":"category","embeddable":true,"href":"https:\/\/agora.xtec.cat\/iesdecelra\/wp-json\/wp\/v2\/categories?post=2785"},{"taxonomy":"post_tag","embeddable":true,"href":"https:\/\/agora.xtec.cat\/iesdecelra\/wp-json\/wp\/v2\/tags?post=2785"}],"curies":[{"name":"wp","href":"https:\/\/api.w.org\/{rel}","templated":true}]}}