{"id":2765,"date":"2019-11-29T11:45:45","date_gmt":"2019-11-29T10:45:45","guid":{"rendered":"http:\/\/agora.xtec.cat\/iesdecelra\/?p=2765"},"modified":"2019-12-02T11:15:35","modified_gmt":"2019-12-02T10:15:35","slug":"campanya-del-gran-recapte-2019","status":"publish","type":"post","link":"https:\/\/agora.xtec.cat\/iesdecelra\/cursos\/eso\/eso-4\/campanya-del-gran-recapte-2019\/","title":{"rendered":"CAMPANYA DEL GRAN RECAPTE 2019"},"content":{"rendered":"<p style=\"text-align: justify;\">Els passats 20 i 21 de novembre ha tingut lloc el Gran Recapte d&#8217;Aliments de Catalunya i un any m\u00e9s el nostre institut ha volgut aportar el seu granet de sorra.\u00a0 Durant tota la setmana s&#8217;han estat recollint aliments a l&#8217;entrada del centre i, a m\u00e9s, els alumnes de 4tA, juntament amb els avis de Can Ponac, han participat com a voluntaris del gran recapte als supermercats del poble.<\/p>\n<p style=\"text-align: justify;\">Aix\u00ed que volem agrair la participaci\u00f3 en aquesta campanya tant als que heu portat aliments com a tots els voluntaris que heu fet que, un any m\u00e9s, la campanya del Gran Recapte hagi estat un \u00e8xit.<\/p>\n<p><img loading=\"lazy\" decoding=\"async\" class=\"size-full wp-image-2769 aligncenter\" src=\"https:\/\/agora.xtec.cat\/iesdecelra\/wp-content\/uploads\/usu1789\/2019\/11\/Captura-de-pantalla-2019-11-27-a-les-16.40.44.png\" alt=\"\" width=\"560\" height=\"561\" srcset=\"https:\/\/agora.xtec.cat\/iesdecelra\/wp-content\/uploads\/usu1789\/2019\/11\/Captura-de-pantalla-2019-11-27-a-les-16.40.44.png 560w, https:\/\/agora.xtec.cat\/iesdecelra\/wp-content\/uploads\/usu1789\/2019\/11\/Captura-de-pantalla-2019-11-27-a-les-16.40.44-150x150.png 150w, https:\/\/agora.xtec.cat\/iesdecelra\/wp-content\/uploads\/usu1789\/2019\/11\/Captura-de-pantalla-2019-11-27-a-les-16.40.44-300x300.png 300w\" sizes=\"auto, (max-width: 560px) 100vw, 560px\" \/><\/p>\n","protected":false},"excerpt":{"rendered":"<p>Els passats 20 i 21 de novembre ha tingut lloc el Gran Recapte d&#8217;Aliments de Catalunya i un any m\u00e9s el nostre institut ha volgut aportar el seu granet de sorra.\u00a0 Durant tota la setmana s&#8217;han estat recollint aliments a l&#8217;entrada del centre i, a&hellip;  <a href=\"https:\/\/agora.xtec.cat\/iesdecelra\/cursos\/eso\/eso-4\/campanya-del-gran-recapte-2019\/\" title=\"Read CAMPANYA DEL GRAN RECAPTE 2019\">Llegeix m\u00e9s\u00bb<\/a><\/p>\n","protected":false},"author":3,"featured_media":2795,"comment_status":"open","ping_status":"closed","sticky":false,"template":"","format":"standard","meta":{"_bbp_topic_count":0,"_bbp_reply_count":0,"_bbp_total_topic_count":0,"_bbp_total_reply_count":0,"_bbp_voice_count":0,"_bbp_anonymous_reply_count":0,"_bbp_topic_count_hidden":0,"_bbp_reply_count_hidden":0,"_bbp_forum_subforum_count":0,"footnotes":""},"categories":[7],"tags":[127,239,138],"class_list":["post-2765","post","type-post","status-publish","format-standard","has-post-thumbnail","hentry","category-eso-4","tag-4t-deso","tag-curs-2019-2020","tag-servei-comunitari"],"post_mailing_queue_ids":[],"_links":{"self":[{"href":"https:\/\/agora.xtec.cat\/iesdecelra\/wp-json\/wp\/v2\/posts\/2765","targetHints":{"allow":["GET"]}}],"collection":[{"href":"https:\/\/agora.xtec.cat\/iesdecelra\/wp-json\/wp\/v2\/posts"}],"about":[{"href":"https:\/\/agora.xtec.cat\/iesdecelra\/wp-json\/wp\/v2\/types\/post"}],"author":[{"embeddable":true,"href":"https:\/\/agora.xtec.cat\/iesdecelra\/wp-json\/wp\/v2\/users\/3"}],"replies":[{"embeddable":true,"href":"https:\/\/agora.xtec.cat\/iesdecelra\/wp-json\/wp\/v2\/comments?post=2765"}],"version-history":[{"count":3,"href":"https:\/\/agora.xtec.cat\/iesdecelra\/wp-json\/wp\/v2\/posts\/2765\/revisions"}],"predecessor-version":[{"id":2797,"href":"https:\/\/agora.xtec.cat\/iesdecelra\/wp-json\/wp\/v2\/posts\/2765\/revisions\/2797"}],"wp:featuredmedia":[{"embeddable":true,"href":"https:\/\/agora.xtec.cat\/iesdecelra\/wp-json\/wp\/v2\/media\/2795"}],"wp:attachment":[{"href":"https:\/\/agora.xtec.cat\/iesdecelra\/wp-json\/wp\/v2\/media?parent=2765"}],"wp:term":[{"taxonomy":"category","embeddable":true,"href":"https:\/\/agora.xtec.cat\/iesdecelra\/wp-json\/wp\/v2\/categories?post=2765"},{"taxonomy":"post_tag","embeddable":true,"href":"https:\/\/agora.xtec.cat\/iesdecelra\/wp-json\/wp\/v2\/tags?post=2765"}],"curies":[{"name":"wp","href":"https:\/\/api.w.org\/{rel}","templated":true}]}}