{"id":2760,"date":"2019-11-21T18:28:17","date_gmt":"2019-11-21T17:28:17","guid":{"rendered":"http:\/\/agora.xtec.cat\/iesdecelra\/?p=2760"},"modified":"2019-11-21T18:29:01","modified_gmt":"2019-11-21T17:29:01","slug":"cineforum-sobre-immigracio","status":"publish","type":"post","link":"https:\/\/agora.xtec.cat\/iesdecelra\/actualitat\/cineforum-sobre-immigracio\/","title":{"rendered":"CINEF\u00d2RUM SOBRE IMMIGRACI\u00d3"},"content":{"rendered":"<p>La Comissi\u00f3 de refugiats de l&#8217;Institut de Celr\u00e0 i Cineclub21 organitzen un cinef\u00f2rum sobre immigraci\u00f3. Hi esteu tots convidats!<a href=\"https:\/\/agora.xtec.cat\/iesdecelra\/wp-content\/uploads\/usu1789\/2019\/11\/Captura-de-pantalla-2019-11-21-a-les-18.24.31.png\"><img loading=\"lazy\" decoding=\"async\" class=\"wp-image-2761 size-large aligncenter\" src=\"https:\/\/agora.xtec.cat\/iesdecelra\/wp-content\/uploads\/usu1789\/2019\/11\/Captura-de-pantalla-2019-11-21-a-les-18.24.31-e1574357253709-736x1024.png\" alt=\"\" width=\"736\" height=\"1024\" srcset=\"https:\/\/agora.xtec.cat\/iesdecelra\/wp-content\/uploads\/usu1789\/2019\/11\/Captura-de-pantalla-2019-11-21-a-les-18.24.31-e1574357253709-736x1024.png 736w, https:\/\/agora.xtec.cat\/iesdecelra\/wp-content\/uploads\/usu1789\/2019\/11\/Captura-de-pantalla-2019-11-21-a-les-18.24.31-e1574357253709-216x300.png 216w, https:\/\/agora.xtec.cat\/iesdecelra\/wp-content\/uploads\/usu1789\/2019\/11\/Captura-de-pantalla-2019-11-21-a-les-18.24.31-e1574357253709-768x1069.png 768w, https:\/\/agora.xtec.cat\/iesdecelra\/wp-content\/uploads\/usu1789\/2019\/11\/Captura-de-pantalla-2019-11-21-a-les-18.24.31-e1574357253709.png 781w\" sizes=\"auto, (max-width: 736px) 100vw, 736px\" \/><\/a><\/p>\n<p>&nbsp;<\/p>\n","protected":false},"excerpt":{"rendered":"<p>La Comissi\u00f3 de refugiats de l&#8217;Institut de Celr\u00e0 i Cineclub21 organitzen un cinef\u00f2rum sobre immigraci\u00f3. Hi esteu tots convidats!<a href=\"https:\/\/agora.xtec.cat\/iesdecelra\/wp-content\/uploads\/usu1789\/2019\/11\/Captura-de-pantalla-2019-11-21-a-les-18.24.31.png\"><\/a><br \/>\n&nbsp;<\/p>\n","protected":false},"author":1,"featured_media":2761,"comment_status":"open","ping_status":"closed","sticky":false,"template":"","format":"standard","meta":{"_bbp_topic_count":0,"_bbp_reply_count":0,"_bbp_total_topic_count":0,"_bbp_total_reply_count":0,"_bbp_voice_count":0,"_bbp_anonymous_reply_count":0,"_bbp_topic_count_hidden":0,"_bbp_reply_count_hidden":0,"_bbp_forum_subforum_count":0,"footnotes":""},"categories":[103],"tags":[172,239],"class_list":["post-2760","post","type-post","status-publish","format-standard","has-post-thumbnail","hentry","category-actualitat","tag-comissio-de-refugiats","tag-curs-2019-2020"],"post_mailing_queue_ids":[],"_links":{"self":[{"href":"https:\/\/agora.xtec.cat\/iesdecelra\/wp-json\/wp\/v2\/posts\/2760","targetHints":{"allow":["GET"]}}],"collection":[{"href":"https:\/\/agora.xtec.cat\/iesdecelra\/wp-json\/wp\/v2\/posts"}],"about":[{"href":"https:\/\/agora.xtec.cat\/iesdecelra\/wp-json\/wp\/v2\/types\/post"}],"author":[{"embeddable":true,"href":"https:\/\/agora.xtec.cat\/iesdecelra\/wp-json\/wp\/v2\/users\/1"}],"replies":[{"embeddable":true,"href":"https:\/\/agora.xtec.cat\/iesdecelra\/wp-json\/wp\/v2\/comments?post=2760"}],"version-history":[{"count":2,"href":"https:\/\/agora.xtec.cat\/iesdecelra\/wp-json\/wp\/v2\/posts\/2760\/revisions"}],"predecessor-version":[{"id":2763,"href":"https:\/\/agora.xtec.cat\/iesdecelra\/wp-json\/wp\/v2\/posts\/2760\/revisions\/2763"}],"wp:featuredmedia":[{"embeddable":true,"href":"https:\/\/agora.xtec.cat\/iesdecelra\/wp-json\/wp\/v2\/media\/2761"}],"wp:attachment":[{"href":"https:\/\/agora.xtec.cat\/iesdecelra\/wp-json\/wp\/v2\/media?parent=2760"}],"wp:term":[{"taxonomy":"category","embeddable":true,"href":"https:\/\/agora.xtec.cat\/iesdecelra\/wp-json\/wp\/v2\/categories?post=2760"},{"taxonomy":"post_tag","embeddable":true,"href":"https:\/\/agora.xtec.cat\/iesdecelra\/wp-json\/wp\/v2\/tags?post=2760"}],"curies":[{"name":"wp","href":"https:\/\/api.w.org\/{rel}","templated":true}]}}