{"id":2716,"date":"2019-11-14T18:28:37","date_gmt":"2019-11-14T17:28:37","guid":{"rendered":"http:\/\/agora.xtec.cat\/iesdecelra\/?p=2716"},"modified":"2019-11-14T18:29:20","modified_gmt":"2019-11-14T17:29:20","slug":"el-projecte-erasmus-ja-te-logo","status":"publish","type":"post","link":"https:\/\/agora.xtec.cat\/iesdecelra\/actualitat\/el-projecte-erasmus-ja-te-logo\/","title":{"rendered":"EL PROJECTE ERASMUS+ JA T\u00c9 LOGO"},"content":{"rendered":"<p>Ja a tenim logo del projecte: Evaluating School Social Engagement (E.S.S.E)!<\/p>\n<p>La selecci\u00f3 ha estat dif\u00edcil, per\u00f2 finalment el disseny guanyador ha estat el proposat per una\u00a0 alumna de l&#8217;institut belga GO! Lyceum Aalst que es diu Lore Van Langenhove. Destaquem\u00a0 la capacitat de sintetitzar d&#8217;una manera molt creativa, simple i impactant els principals missatges del nostre projecte Erasmus.<\/p>\n<p style=\"text-align: center;\"><a href=\"https:\/\/agora.xtec.cat\/iesdecelra\/wp-content\/uploads\/usu1789\/2019\/11\/logo-final.jpg\"><img loading=\"lazy\" decoding=\"async\" class=\"alignnone size-large wp-image-2710\" src=\"https:\/\/agora.xtec.cat\/iesdecelra\/wp-content\/uploads\/usu1789\/2019\/11\/logo-final-1024x466.jpg\" alt=\"\" width=\"1024\" height=\"466\" srcset=\"https:\/\/agora.xtec.cat\/iesdecelra\/wp-content\/uploads\/usu1789\/2019\/11\/logo-final-1024x466.jpg 1024w, https:\/\/agora.xtec.cat\/iesdecelra\/wp-content\/uploads\/usu1789\/2019\/11\/logo-final-300x137.jpg 300w, https:\/\/agora.xtec.cat\/iesdecelra\/wp-content\/uploads\/usu1789\/2019\/11\/logo-final-768x350.jpg 768w, https:\/\/agora.xtec.cat\/iesdecelra\/wp-content\/uploads\/usu1789\/2019\/11\/logo-final.jpg 1839w\" sizes=\"auto, (max-width: 1024px) 100vw, 1024px\" \/><\/a><\/p>\n<p>&nbsp;<\/p>\n<p>Podeu anar seguint el projecte\u00a0en el compte de Twitter: @ESSErasmusplus.<\/p>\n","protected":false},"excerpt":{"rendered":"<p>Ja a tenim logo del projecte: Evaluating School Social Engagement (E.S.S.E)!<br \/>\nLa selecci\u00f3 ha estat dif\u00edcil, per\u00f2 finalment el disseny guanyador ha estat el proposat per una\u00a0 alumna de l&#8217;institut belga GO! Lyceum Aalst que es diu Lore Van Langenhove. Destaquem\u00a0 la capacitat de sintetitzar d&#8217;una&hellip;  <a href=\"https:\/\/agora.xtec.cat\/iesdecelra\/actualitat\/el-projecte-erasmus-ja-te-logo\/\" title=\"Read EL PROJECTE ERASMUS+ JA T\u00c9 LOGO\">Llegeix m\u00e9s\u00bb<\/a><\/p>\n","protected":false},"author":1,"featured_media":2710,"comment_status":"open","ping_status":"closed","sticky":false,"template":"","format":"standard","meta":{"_bbp_topic_count":0,"_bbp_reply_count":0,"_bbp_total_topic_count":0,"_bbp_total_reply_count":0,"_bbp_voice_count":0,"_bbp_anonymous_reply_count":0,"_bbp_topic_count_hidden":0,"_bbp_reply_count_hidden":0,"_bbp_forum_subforum_count":0,"footnotes":""},"categories":[103,156],"tags":[239,245],"class_list":["post-2716","post","type-post","status-publish","format-standard","has-post-thumbnail","hentry","category-actualitat","category-european-projects","tag-curs-2019-2020","tag-erasmus"],"post_mailing_queue_ids":[],"_links":{"self":[{"href":"https:\/\/agora.xtec.cat\/iesdecelra\/wp-json\/wp\/v2\/posts\/2716","targetHints":{"allow":["GET"]}}],"collection":[{"href":"https:\/\/agora.xtec.cat\/iesdecelra\/wp-json\/wp\/v2\/posts"}],"about":[{"href":"https:\/\/agora.xtec.cat\/iesdecelra\/wp-json\/wp\/v2\/types\/post"}],"author":[{"embeddable":true,"href":"https:\/\/agora.xtec.cat\/iesdecelra\/wp-json\/wp\/v2\/users\/1"}],"replies":[{"embeddable":true,"href":"https:\/\/agora.xtec.cat\/iesdecelra\/wp-json\/wp\/v2\/comments?post=2716"}],"version-history":[{"count":1,"href":"https:\/\/agora.xtec.cat\/iesdecelra\/wp-json\/wp\/v2\/posts\/2716\/revisions"}],"predecessor-version":[{"id":2717,"href":"https:\/\/agora.xtec.cat\/iesdecelra\/wp-json\/wp\/v2\/posts\/2716\/revisions\/2717"}],"wp:featuredmedia":[{"embeddable":true,"href":"https:\/\/agora.xtec.cat\/iesdecelra\/wp-json\/wp\/v2\/media\/2710"}],"wp:attachment":[{"href":"https:\/\/agora.xtec.cat\/iesdecelra\/wp-json\/wp\/v2\/media?parent=2716"}],"wp:term":[{"taxonomy":"category","embeddable":true,"href":"https:\/\/agora.xtec.cat\/iesdecelra\/wp-json\/wp\/v2\/categories?post=2716"},{"taxonomy":"post_tag","embeddable":true,"href":"https:\/\/agora.xtec.cat\/iesdecelra\/wp-json\/wp\/v2\/tags?post=2716"}],"curies":[{"name":"wp","href":"https:\/\/api.w.org\/{rel}","templated":true}]}}