{"id":2694,"date":"2019-11-12T12:47:58","date_gmt":"2019-11-12T11:47:58","guid":{"rendered":"http:\/\/agora.xtec.cat\/iesdecelra\/?p=2694"},"modified":"2019-11-12T12:47:58","modified_gmt":"2019-11-12T11:47:58","slug":"11-de-novembre-de-2019-setmana-de-la-ciencia","status":"publish","type":"post","link":"https:\/\/agora.xtec.cat\/iesdecelra\/general\/11-de-novembre-de-2019-setmana-de-la-ciencia\/","title":{"rendered":"11 de novembre de 2019 &#8211; Setmana de la ci\u00e8ncia"},"content":{"rendered":"<p>La m\u00fasica que sona aquesta setmana, escollida en motiu de la Setmana de la Ci\u00e8ncia, \u00e9s tot un repte per a alumnes i professors. Aconseguireu cantar-la? Per fer-ho, heu de tenir en compte que la lletra \u00e9s el llistat d&#8217;elements de la taula peri\u00f2dica (en angl\u00e8s!).<\/p>\n<p>&nbsp;<\/p>\n<p><iframe loading=\"lazy\" title=\"The Periodic Table Song | SCIENCE SONGS\" width=\"500\" height=\"281\" src=\"https:\/\/www.youtube.com\/embed\/VgVQKCcfwnU?feature=oembed\" frameborder=\"0\" allow=\"accelerometer; autoplay; clipboard-write; encrypted-media; gyroscope; picture-in-picture; web-share\" referrerpolicy=\"strict-origin-when-cross-origin\" allowfullscreen><\/iframe><\/p>\n<p>&nbsp;<\/p>\n<p>&nbsp;<\/p>\n","protected":false},"excerpt":{"rendered":"<p>La m\u00fasica que sona aquesta setmana, escollida en motiu de la Setmana de la Ci\u00e8ncia, \u00e9s tot un repte per a alumnes i professors. Aconseguireu cantar-la? Per fer-ho, heu de tenir en compte que la lletra \u00e9s el llistat d&#8217;elements de la taula peri\u00f2dica (en&hellip;  <a href=\"https:\/\/agora.xtec.cat\/iesdecelra\/general\/11-de-novembre-de-2019-setmana-de-la-ciencia\/\" title=\"Read 11 de novembre de 2019 &#8211; Setmana de la ci\u00e8ncia\">Llegeix m\u00e9s\u00bb<\/a><\/p>\n","protected":false},"author":1,"featured_media":2696,"comment_status":"open","ping_status":"closed","sticky":false,"template":"","format":"standard","meta":{"_bbp_topic_count":0,"_bbp_reply_count":0,"_bbp_total_topic_count":0,"_bbp_total_reply_count":0,"_bbp_voice_count":0,"_bbp_anonymous_reply_count":0,"_bbp_topic_count_hidden":0,"_bbp_reply_count_hidden":0,"_bbp_forum_subforum_count":0,"footnotes":""},"categories":[1,122],"tags":[239,123,144],"class_list":["post-2694","post","type-post","status-publish","format-standard","has-post-thumbnail","hentry","category-general","category-musica-de-la-setmana","tag-curs-2019-2020","tag-musica-de-la-setmana","tag-setmana-de-la-ciencia"],"post_mailing_queue_ids":[],"_links":{"self":[{"href":"https:\/\/agora.xtec.cat\/iesdecelra\/wp-json\/wp\/v2\/posts\/2694","targetHints":{"allow":["GET"]}}],"collection":[{"href":"https:\/\/agora.xtec.cat\/iesdecelra\/wp-json\/wp\/v2\/posts"}],"about":[{"href":"https:\/\/agora.xtec.cat\/iesdecelra\/wp-json\/wp\/v2\/types\/post"}],"author":[{"embeddable":true,"href":"https:\/\/agora.xtec.cat\/iesdecelra\/wp-json\/wp\/v2\/users\/1"}],"replies":[{"embeddable":true,"href":"https:\/\/agora.xtec.cat\/iesdecelra\/wp-json\/wp\/v2\/comments?post=2694"}],"version-history":[{"count":2,"href":"https:\/\/agora.xtec.cat\/iesdecelra\/wp-json\/wp\/v2\/posts\/2694\/revisions"}],"predecessor-version":[{"id":2697,"href":"https:\/\/agora.xtec.cat\/iesdecelra\/wp-json\/wp\/v2\/posts\/2694\/revisions\/2697"}],"wp:featuredmedia":[{"embeddable":true,"href":"https:\/\/agora.xtec.cat\/iesdecelra\/wp-json\/wp\/v2\/media\/2696"}],"wp:attachment":[{"href":"https:\/\/agora.xtec.cat\/iesdecelra\/wp-json\/wp\/v2\/media?parent=2694"}],"wp:term":[{"taxonomy":"category","embeddable":true,"href":"https:\/\/agora.xtec.cat\/iesdecelra\/wp-json\/wp\/v2\/categories?post=2694"},{"taxonomy":"post_tag","embeddable":true,"href":"https:\/\/agora.xtec.cat\/iesdecelra\/wp-json\/wp\/v2\/tags?post=2694"}],"curies":[{"name":"wp","href":"https:\/\/api.w.org\/{rel}","templated":true}]}}