{"id":2681,"date":"2019-11-11T11:19:23","date_gmt":"2019-11-11T10:19:23","guid":{"rendered":"http:\/\/agora.xtec.cat\/iesdecelra\/?p=2681"},"modified":"2019-11-11T11:20:51","modified_gmt":"2019-11-11T10:20:51","slug":"setmana-de-la-ciencia","status":"publish","type":"post","link":"https:\/\/agora.xtec.cat\/iesdecelra\/general\/setmana-de-la-ciencia\/","title":{"rendered":"SETMANA DE LA CI\u00c8NCIA"},"content":{"rendered":"<p style=\"text-align: justify;\">Durant el mes de novembre\u00a0se celebra a Catalunya la <a href=\"https:\/\/setmanaciencia.fundaciorecerca.cat\/frontend\/\"><strong>24a Setmana de la Ci\u00e8ncia<\/strong><\/a>.<\/p>\n<p style=\"text-align: justify;\">Durant uns quants dies s&#8217;organitzen tot un munt d\u2019activitats de divulgaci\u00f3 cient\u00edfica arreu del nostre territori i a l&#8217;Institut de Celr\u00e0, com ja \u00e9s tradici\u00f3, tamb\u00e9 n&#8217;hem preparat unes quantes, i molt interessants!<\/p>\n<p style=\"text-align: justify;\">Aquest \u00e9s el cartell de la Setmana de la Ci\u00e8ncia al nostre institut.<\/p>\n<p><a href=\"https:\/\/agora.xtec.cat\/iesdecelra\/wp-content\/uploads\/usu1789\/2019\/11\/cartell-ci\u00e8ncia.png\"><img loading=\"lazy\" decoding=\"async\" class=\"size-full wp-image-2678 aligncenter\" src=\"https:\/\/agora.xtec.cat\/iesdecelra\/wp-content\/uploads\/usu1789\/2019\/11\/cartell-ci\u00e8ncia.png\" alt=\"\" width=\"454\" height=\"643\" srcset=\"https:\/\/agora.xtec.cat\/iesdecelra\/wp-content\/uploads\/usu1789\/2019\/11\/cartell-ci\u00e8ncia.png 454w, https:\/\/agora.xtec.cat\/iesdecelra\/wp-content\/uploads\/usu1789\/2019\/11\/cartell-ci\u00e8ncia-212x300.png 212w\" sizes=\"auto, (max-width: 454px) 100vw, 454px\" \/><\/a><\/p>\n","protected":false},"excerpt":{"rendered":"<p>Durant el mes de novembre\u00a0se celebra a Catalunya la <a href=\"https:\/\/setmanaciencia.fundaciorecerca.cat\/frontend\/\">24a Setmana de la Ci\u00e8ncia<\/a>.<br \/>\nDurant uns quants dies s&#8217;organitzen tot un munt d\u2019activitats de divulgaci\u00f3 cient\u00edfica arreu del nostre territori i a l&#8217;Institut de Celr\u00e0, com ja \u00e9s tradici\u00f3, tamb\u00e9 n&#8217;hem preparat unes quantes, i&hellip;  <a href=\"https:\/\/agora.xtec.cat\/iesdecelra\/general\/setmana-de-la-ciencia\/\" title=\"Read SETMANA DE LA CI\u00c8NCIA\">Llegeix m\u00e9s\u00bb<\/a><\/p>\n","protected":false},"author":1,"featured_media":0,"comment_status":"open","ping_status":"closed","sticky":false,"template":"","format":"standard","meta":{"_bbp_topic_count":0,"_bbp_reply_count":0,"_bbp_total_topic_count":0,"_bbp_total_reply_count":0,"_bbp_voice_count":0,"_bbp_anonymous_reply_count":0,"_bbp_topic_count_hidden":0,"_bbp_reply_count_hidden":0,"_bbp_forum_subforum_count":0,"footnotes":""},"categories":[1],"tags":[239,249,144],"class_list":["post-2681","post","type-post","status-publish","format-standard","hentry","category-general","tag-curs-2019-2020","tag-departament-dexperimentals","tag-setmana-de-la-ciencia"],"post_mailing_queue_ids":[],"_links":{"self":[{"href":"https:\/\/agora.xtec.cat\/iesdecelra\/wp-json\/wp\/v2\/posts\/2681","targetHints":{"allow":["GET"]}}],"collection":[{"href":"https:\/\/agora.xtec.cat\/iesdecelra\/wp-json\/wp\/v2\/posts"}],"about":[{"href":"https:\/\/agora.xtec.cat\/iesdecelra\/wp-json\/wp\/v2\/types\/post"}],"author":[{"embeddable":true,"href":"https:\/\/agora.xtec.cat\/iesdecelra\/wp-json\/wp\/v2\/users\/1"}],"replies":[{"embeddable":true,"href":"https:\/\/agora.xtec.cat\/iesdecelra\/wp-json\/wp\/v2\/comments?post=2681"}],"version-history":[{"count":2,"href":"https:\/\/agora.xtec.cat\/iesdecelra\/wp-json\/wp\/v2\/posts\/2681\/revisions"}],"predecessor-version":[{"id":2685,"href":"https:\/\/agora.xtec.cat\/iesdecelra\/wp-json\/wp\/v2\/posts\/2681\/revisions\/2685"}],"wp:attachment":[{"href":"https:\/\/agora.xtec.cat\/iesdecelra\/wp-json\/wp\/v2\/media?parent=2681"}],"wp:term":[{"taxonomy":"category","embeddable":true,"href":"https:\/\/agora.xtec.cat\/iesdecelra\/wp-json\/wp\/v2\/categories?post=2681"},{"taxonomy":"post_tag","embeddable":true,"href":"https:\/\/agora.xtec.cat\/iesdecelra\/wp-json\/wp\/v2\/tags?post=2681"}],"curies":[{"name":"wp","href":"https:\/\/api.w.org\/{rel}","templated":true}]}}