{"id":2658,"date":"2019-11-01T19:28:07","date_gmt":"2019-11-01T18:28:07","guid":{"rendered":"http:\/\/agora.xtec.cat\/iesdecelra\/?p=2658"},"modified":"2019-11-01T19:28:54","modified_gmt":"2019-11-01T18:28:54","slug":"welcome-rho-and-aalst","status":"publish","type":"post","link":"https:\/\/agora.xtec.cat\/iesdecelra\/actualitat\/welcome-rho-and-aalst\/","title":{"rendered":"WELCOME RHO AND AALST!"},"content":{"rendered":"<p style=\"text-align: justify;\">Aquesta setmana rebem el professorat itali\u00e0 i belga dins el programa Erasmus+. Hi ha diferents activitats programades com un workshop de recursos aplicats a l&#8217;avaluaci\u00f3, una confer\u00e8ncia d&#8217;Educaci\u00f3 360\u00ba o un taller e-Twinning.<\/p>\n<p style=\"text-align: justify;\">De ben segur que seran uns dies intensos i sempre avan\u00e7ant en la tasca de voluntariat dels adolescents. Podeu anar seguint el projecte\u00a0en el compte de Twitter: @ESSErasmusplus.<\/p>\n<p>&nbsp;<\/p>\n<p><a href=\"https:\/\/agora.xtec.cat\/iesdecelra\/wp-content\/uploads\/usu1789\/2019\/11\/Captura-de-pantalla-2019-11-01-a-les-19.26.05.png\"><img loading=\"lazy\" decoding=\"async\" class=\"alignnone size-full wp-image-2659\" src=\"https:\/\/agora.xtec.cat\/iesdecelra\/wp-content\/uploads\/usu1789\/2019\/11\/Captura-de-pantalla-2019-11-01-a-les-19.26.05.png\" alt=\"\" width=\"688\" height=\"229\" srcset=\"https:\/\/agora.xtec.cat\/iesdecelra\/wp-content\/uploads\/usu1789\/2019\/11\/Captura-de-pantalla-2019-11-01-a-les-19.26.05.png 688w, https:\/\/agora.xtec.cat\/iesdecelra\/wp-content\/uploads\/usu1789\/2019\/11\/Captura-de-pantalla-2019-11-01-a-les-19.26.05-300x100.png 300w\" sizes=\"auto, (max-width: 688px) 100vw, 688px\" \/><\/a><\/p>\n<p>&nbsp;<\/p>\n<p>&nbsp;<\/p>\n<p>&nbsp;<\/p>\n<p>&nbsp;<\/p>\n","protected":false},"excerpt":{"rendered":"<p>Aquesta setmana rebem el professorat itali\u00e0 i belga dins el programa Erasmus+. Hi ha diferents activitats programades com un workshop de recursos aplicats a l&#8217;avaluaci\u00f3, una confer\u00e8ncia d&#8217;Educaci\u00f3 360\u00ba o un taller e-Twinning.<br \/>\nDe ben segur que seran uns dies intensos i sempre avan\u00e7ant en la&hellip;  <a href=\"https:\/\/agora.xtec.cat\/iesdecelra\/actualitat\/welcome-rho-and-aalst\/\" title=\"Read WELCOME RHO AND AALST!\">Llegeix m\u00e9s\u00bb<\/a><\/p>\n","protected":false},"author":1,"featured_media":2659,"comment_status":"open","ping_status":"closed","sticky":false,"template":"","format":"standard","meta":{"_bbp_topic_count":0,"_bbp_reply_count":0,"_bbp_total_topic_count":0,"_bbp_total_reply_count":0,"_bbp_voice_count":0,"_bbp_anonymous_reply_count":0,"_bbp_topic_count_hidden":0,"_bbp_reply_count_hidden":0,"_bbp_forum_subforum_count":0,"footnotes":""},"categories":[103,156],"tags":[239,245],"class_list":["post-2658","post","type-post","status-publish","format-standard","has-post-thumbnail","hentry","category-actualitat","category-european-projects","tag-curs-2019-2020","tag-erasmus"],"post_mailing_queue_ids":[],"_links":{"self":[{"href":"https:\/\/agora.xtec.cat\/iesdecelra\/wp-json\/wp\/v2\/posts\/2658","targetHints":{"allow":["GET"]}}],"collection":[{"href":"https:\/\/agora.xtec.cat\/iesdecelra\/wp-json\/wp\/v2\/posts"}],"about":[{"href":"https:\/\/agora.xtec.cat\/iesdecelra\/wp-json\/wp\/v2\/types\/post"}],"author":[{"embeddable":true,"href":"https:\/\/agora.xtec.cat\/iesdecelra\/wp-json\/wp\/v2\/users\/1"}],"replies":[{"embeddable":true,"href":"https:\/\/agora.xtec.cat\/iesdecelra\/wp-json\/wp\/v2\/comments?post=2658"}],"version-history":[{"count":2,"href":"https:\/\/agora.xtec.cat\/iesdecelra\/wp-json\/wp\/v2\/posts\/2658\/revisions"}],"predecessor-version":[{"id":2661,"href":"https:\/\/agora.xtec.cat\/iesdecelra\/wp-json\/wp\/v2\/posts\/2658\/revisions\/2661"}],"wp:featuredmedia":[{"embeddable":true,"href":"https:\/\/agora.xtec.cat\/iesdecelra\/wp-json\/wp\/v2\/media\/2659"}],"wp:attachment":[{"href":"https:\/\/agora.xtec.cat\/iesdecelra\/wp-json\/wp\/v2\/media?parent=2658"}],"wp:term":[{"taxonomy":"category","embeddable":true,"href":"https:\/\/agora.xtec.cat\/iesdecelra\/wp-json\/wp\/v2\/categories?post=2658"},{"taxonomy":"post_tag","embeddable":true,"href":"https:\/\/agora.xtec.cat\/iesdecelra\/wp-json\/wp\/v2\/tags?post=2658"}],"curies":[{"name":"wp","href":"https:\/\/api.w.org\/{rel}","templated":true}]}}