{"id":2655,"date":"2019-10-31T10:27:38","date_gmt":"2019-10-31T09:27:38","guid":{"rendered":"http:\/\/agora.xtec.cat\/iesdecelra\/?p=2655"},"modified":"2019-10-31T10:27:38","modified_gmt":"2019-10-31T09:27:38","slug":"paco-cascon-a-lateneu-de-celra","status":"publish","type":"post","link":"https:\/\/agora.xtec.cat\/iesdecelra\/actualitat\/paco-cascon-a-lateneu-de-celra\/","title":{"rendered":"PACO CASC\u00d3N A L&#8217;ATENEU DE CELR\u00c0"},"content":{"rendered":"<p style=\"text-align: justify;\">Aquest dijous 7 de novembre Paco Casc\u00f3n, assessor en temes d&#8217;educaci\u00f3 per la pau i resoluci\u00f3 de conflictes en drets humans, far\u00e0 una xerrada a l&#8217;Ateneu de Celr\u00e0 organitzada per les AFAs de les escoles i institut del poble i per l&#8217;Ajuntament de Celr\u00e0.<\/p>\n<p>Us adjuntem el cartell i us convidem a tots a assistir-hi.<\/p>\n<p><a href=\"https:\/\/agora.xtec.cat\/iesdecelra\/wp-content\/uploads\/usu1789\/2019\/10\/cartell-paco-cascon.png\"><img loading=\"lazy\" decoding=\"async\" class=\"size-full wp-image-2656 aligncenter\" src=\"https:\/\/agora.xtec.cat\/iesdecelra\/wp-content\/uploads\/usu1789\/2019\/10\/cartell-paco-cascon.png\" alt=\"\" width=\"389\" height=\"547\" srcset=\"https:\/\/agora.xtec.cat\/iesdecelra\/wp-content\/uploads\/usu1789\/2019\/10\/cartell-paco-cascon.png 389w, https:\/\/agora.xtec.cat\/iesdecelra\/wp-content\/uploads\/usu1789\/2019\/10\/cartell-paco-cascon-213x300.png 213w\" sizes=\"auto, (max-width: 389px) 100vw, 389px\" \/><\/a><\/p>\n","protected":false},"excerpt":{"rendered":"<p>Aquest dijous 7 de novembre Paco Casc\u00f3n, assessor en temes d&#8217;educaci\u00f3 per la pau i resoluci\u00f3 de conflictes en drets humans, far\u00e0 una xerrada a l&#8217;Ateneu de Celr\u00e0 organitzada per les AFAs de les escoles i institut del poble i per l&#8217;Ajuntament de Celr\u00e0.<br \/>\nUs adjuntem&hellip;  <a href=\"https:\/\/agora.xtec.cat\/iesdecelra\/actualitat\/paco-cascon-a-lateneu-de-celra\/\" title=\"Read PACO CASC\u00d3N A L&#8217;ATENEU DE CELR\u00c0\">Llegeix m\u00e9s\u00bb<\/a><\/p>\n","protected":false},"author":1,"featured_media":2656,"comment_status":"open","ping_status":"closed","sticky":false,"template":"","format":"standard","meta":{"_bbp_topic_count":0,"_bbp_reply_count":0,"_bbp_total_topic_count":0,"_bbp_total_reply_count":0,"_bbp_voice_count":0,"_bbp_anonymous_reply_count":0,"_bbp_topic_count_hidden":0,"_bbp_reply_count_hidden":0,"_bbp_forum_subforum_count":0,"footnotes":""},"categories":[103],"tags":[128,239,177],"class_list":["post-2655","post","type-post","status-publish","format-standard","has-post-thumbnail","hentry","category-actualitat","tag-ampa","tag-curs-2019-2020","tag-xerrada"],"post_mailing_queue_ids":[],"_links":{"self":[{"href":"https:\/\/agora.xtec.cat\/iesdecelra\/wp-json\/wp\/v2\/posts\/2655","targetHints":{"allow":["GET"]}}],"collection":[{"href":"https:\/\/agora.xtec.cat\/iesdecelra\/wp-json\/wp\/v2\/posts"}],"about":[{"href":"https:\/\/agora.xtec.cat\/iesdecelra\/wp-json\/wp\/v2\/types\/post"}],"author":[{"embeddable":true,"href":"https:\/\/agora.xtec.cat\/iesdecelra\/wp-json\/wp\/v2\/users\/1"}],"replies":[{"embeddable":true,"href":"https:\/\/agora.xtec.cat\/iesdecelra\/wp-json\/wp\/v2\/comments?post=2655"}],"version-history":[{"count":1,"href":"https:\/\/agora.xtec.cat\/iesdecelra\/wp-json\/wp\/v2\/posts\/2655\/revisions"}],"predecessor-version":[{"id":2657,"href":"https:\/\/agora.xtec.cat\/iesdecelra\/wp-json\/wp\/v2\/posts\/2655\/revisions\/2657"}],"wp:featuredmedia":[{"embeddable":true,"href":"https:\/\/agora.xtec.cat\/iesdecelra\/wp-json\/wp\/v2\/media\/2656"}],"wp:attachment":[{"href":"https:\/\/agora.xtec.cat\/iesdecelra\/wp-json\/wp\/v2\/media?parent=2655"}],"wp:term":[{"taxonomy":"category","embeddable":true,"href":"https:\/\/agora.xtec.cat\/iesdecelra\/wp-json\/wp\/v2\/categories?post=2655"},{"taxonomy":"post_tag","embeddable":true,"href":"https:\/\/agora.xtec.cat\/iesdecelra\/wp-json\/wp\/v2\/tags?post=2655"}],"curies":[{"name":"wp","href":"https:\/\/api.w.org\/{rel}","templated":true}]}}