{"id":2651,"date":"2019-10-28T14:30:25","date_gmt":"2019-10-28T13:30:25","guid":{"rendered":"http:\/\/agora.xtec.cat\/iesdecelra\/?p=2651"},"modified":"2019-10-28T14:30:51","modified_gmt":"2019-10-28T13:30:51","slug":"1r-deso-sortida-de-tutora-a-sant-miquel","status":"publish","type":"post","link":"https:\/\/agora.xtec.cat\/iesdecelra\/cursos\/eso\/eso-1\/1r-deso-sortida-de-tutora-a-sant-miquel\/","title":{"rendered":"1r d&#8217;ESO: SORTIDA DE TUTORIA A SANT MIQUEL"},"content":{"rendered":"<p><span style=\"font-weight: 400;\">El dijous 10 d\u2019octubre els alumnes de primer d\u2019ESO van fer la primera excursi\u00f3 de tutoria. Els diferents grups van sortir escalonadament de l&#8217;institut i es van dirigir a la riera de Mavalls i a la Font de les Escales. Tot seguit, van passar pel costat del castell de Celr\u00e0 i van anar fins a Cal Rei Vinyes, on van agafar el cam\u00ed cap al castell de Sant Miquel. Malgrat que el dia era r\u00fafol i amena\u00e7ava de ploure, la pujada va ser c\u00f2moda perqu\u00e8 no va fer gaire calor.<\/span><\/p>\n<p><span style=\"font-weight: 400;\">Un cop dalt, van pujar a la torre de Sant Miquel i van poder observar que hi ha unes vistes impressionants: el coll del Port\u00fas, la Plana de l\u2019Empord\u00e0, Roses i el cap de Creus, el Montgr\u00ed i les illes Medes, Girona, Banyoles\u2026 i les nostres viles de la llera del Ter!<\/span><\/p>\n<p><span style=\"font-weight: 400;\">Despr\u00e9s de la visita al castell, van esmorzar i van gaudir d\u2019una estona d\u2019esbarjo abans de comen\u00e7ar el gran repte que els ten\u00edem preparat: cada grup classe havia de construir un cabana en trenta minuts! Per a fer-ho cada classe disposava d\u2019uns quants metres de corda, un pl\u00e0stic gran i tot el que poguessin trobar pel bosc. Si mireu el v\u00eddeo que hem preparat, veureu com en s\u00f3n, de creatius, els alumnes de 1r de l\u2019Institut de Celr\u00e0!<\/span><\/p>\n<p><span style=\"font-weight: 400;\">L\u2019equip de tutors de 1r d\u2019ESO<\/span><\/p>\n<p>&nbsp;<\/p>\n<p><iframe loading=\"lazy\" title=\"Sortida a Sant Miquel 2019\" width=\"500\" height=\"375\" src=\"https:\/\/www.youtube.com\/embed\/cwupUV1tjeg?feature=oembed\" frameborder=\"0\" allow=\"accelerometer; autoplay; clipboard-write; encrypted-media; gyroscope; picture-in-picture; web-share\" referrerpolicy=\"strict-origin-when-cross-origin\" allowfullscreen><\/iframe><\/p>\n<p>&nbsp;<\/p>\n","protected":false},"excerpt":{"rendered":"<p>El dijous 10 d\u2019octubre els alumnes de primer d\u2019ESO van fer la primera excursi\u00f3 de tutoria. Els diferents grups van sortir escalonadament de l&#8217;institut i es van dirigir a la riera de Mavalls i a la Font de les Escales. Tot seguit, van passar pel&hellip;  <a href=\"https:\/\/agora.xtec.cat\/iesdecelra\/cursos\/eso\/eso-1\/1r-deso-sortida-de-tutora-a-sant-miquel\/\" title=\"Read 1r d&#8217;ESO: SORTIDA DE TUTORIA A SANT MIQUEL\">Llegeix m\u00e9s\u00bb<\/a><\/p>\n","protected":false},"author":1,"featured_media":2652,"comment_status":"open","ping_status":"closed","sticky":false,"template":"","format":"standard","meta":{"_bbp_topic_count":0,"_bbp_reply_count":0,"_bbp_total_topic_count":0,"_bbp_total_reply_count":0,"_bbp_voice_count":0,"_bbp_anonymous_reply_count":0,"_bbp_topic_count_hidden":0,"_bbp_reply_count_hidden":0,"_bbp_forum_subforum_count":0,"footnotes":""},"categories":[103,4],"tags":[120,239,248],"class_list":["post-2651","post","type-post","status-publish","format-standard","has-post-thumbnail","hentry","category-actualitat","category-eso-1","tag-1r-deso","tag-curs-2019-2020","tag-sant-miquel"],"post_mailing_queue_ids":[],"_links":{"self":[{"href":"https:\/\/agora.xtec.cat\/iesdecelra\/wp-json\/wp\/v2\/posts\/2651","targetHints":{"allow":["GET"]}}],"collection":[{"href":"https:\/\/agora.xtec.cat\/iesdecelra\/wp-json\/wp\/v2\/posts"}],"about":[{"href":"https:\/\/agora.xtec.cat\/iesdecelra\/wp-json\/wp\/v2\/types\/post"}],"author":[{"embeddable":true,"href":"https:\/\/agora.xtec.cat\/iesdecelra\/wp-json\/wp\/v2\/users\/1"}],"replies":[{"embeddable":true,"href":"https:\/\/agora.xtec.cat\/iesdecelra\/wp-json\/wp\/v2\/comments?post=2651"}],"version-history":[{"count":2,"href":"https:\/\/agora.xtec.cat\/iesdecelra\/wp-json\/wp\/v2\/posts\/2651\/revisions"}],"predecessor-version":[{"id":2654,"href":"https:\/\/agora.xtec.cat\/iesdecelra\/wp-json\/wp\/v2\/posts\/2651\/revisions\/2654"}],"wp:featuredmedia":[{"embeddable":true,"href":"https:\/\/agora.xtec.cat\/iesdecelra\/wp-json\/wp\/v2\/media\/2652"}],"wp:attachment":[{"href":"https:\/\/agora.xtec.cat\/iesdecelra\/wp-json\/wp\/v2\/media?parent=2651"}],"wp:term":[{"taxonomy":"category","embeddable":true,"href":"https:\/\/agora.xtec.cat\/iesdecelra\/wp-json\/wp\/v2\/categories?post=2651"},{"taxonomy":"post_tag","embeddable":true,"href":"https:\/\/agora.xtec.cat\/iesdecelra\/wp-json\/wp\/v2\/tags?post=2651"}],"curies":[{"name":"wp","href":"https:\/\/api.w.org\/{rel}","templated":true}]}}