{"id":2643,"date":"2019-10-21T11:37:16","date_gmt":"2019-10-21T09:37:16","guid":{"rendered":"http:\/\/agora.xtec.cat\/iesdecelra\/?p=2643"},"modified":"2019-10-21T11:38:22","modified_gmt":"2019-10-21T09:38:22","slug":"en-record-de-josep-ma-uya","status":"publish","type":"post","link":"https:\/\/agora.xtec.cat\/iesdecelra\/general\/musica-de-la-setmana\/en-record-de-josep-ma-uya\/","title":{"rendered":"EN RECORD DE JOSEP Ma UY\u00c0"},"content":{"rendered":"<p style=\"text-align: justify;\">Aquest cap de setmana ens ha colpejat la mort del professor Josep Ma Uy\u00e0. La m\u00fasica d&#8217;aquesta setmana est\u00e0 escollida pensant en ell.<\/p>\n<p style=\"text-align: justify;\">El dilluns sona <em>O salutaris hostia<\/em> de Pierre de la Rue. \u00c9s un trist r\u00e8quiem que va seleccionar ell mateix per acompanyar el seu \u00faltim poemari titulat <em>R\u00e8quiem<\/em> i publicat l&#8217;any 2011.<\/p>\n<p><iframe loading=\"lazy\" title=\"Pierre de la Rue, O salutaris hostia, Netherlands Chamber Choir\" width=\"500\" height=\"281\" src=\"https:\/\/www.youtube.com\/embed\/4pSBCJ2l_Pw?feature=oembed\" frameborder=\"0\" allow=\"accelerometer; autoplay; clipboard-write; encrypted-media; gyroscope; picture-in-picture; web-share\" referrerpolicy=\"strict-origin-when-cross-origin\" allowfullscreen><\/iframe><\/p>\n<p style=\"text-align: justify;\">La resta de la setmana sonar\u00e0 LA SEVA M\u00daSICA.<\/p>\n<p style=\"text-align: justify;\">La primera pe\u00e7a \u00e9s <em>O que \u00e9, o que \u00e9 <\/em>de Maria Beth\u00e2nia. \u00c9s una can\u00e7\u00f3 portuguesa que ens evoca als temps d&#8217;infantesa que va viure a Portugal. Aquesta pe\u00e7a la va escollir per a l&#8217;obra <em>4t 2018<\/em> que va presentar el mes de maig de l&#8217;any passat amb els alumnes de 4t d&#8217;ESO del taller de teatre.<\/p>\n<p><iframe loading=\"lazy\" title=\"O que \u00e9,  o que \u00e9 -  Maria Beth\u00e2nia - Subtitulado castellano\" width=\"500\" height=\"375\" src=\"https:\/\/www.youtube.com\/embed\/-IYWgFcPDzQ?feature=oembed\" frameborder=\"0\" allow=\"accelerometer; autoplay; clipboard-write; encrypted-media; gyroscope; picture-in-picture; web-share\" referrerpolicy=\"strict-origin-when-cross-origin\" allowfullscreen><\/iframe><\/p>\n<p style=\"text-align: justify;\">La segona pe\u00e7a \u00e9s <em>At Seventeen<\/em> de Janis Ian. La cantant i la can\u00e7\u00f3 li agradaven molt\u00edssim i van inspirar-li una de les seves obres teatrals.<\/p>\n<p><iframe loading=\"lazy\" title=\"Janis Ian   At Seventeen 17   Lyrics\" width=\"500\" height=\"281\" src=\"https:\/\/www.youtube.com\/embed\/-SuavKHes_Y?feature=oembed\" frameborder=\"0\" allow=\"accelerometer; autoplay; clipboard-write; encrypted-media; gyroscope; picture-in-picture; web-share\" referrerpolicy=\"strict-origin-when-cross-origin\" allowfullscreen><\/iframe><\/p>\n<p>&nbsp;<\/p>\n<p>&nbsp;<\/p>\n<p style=\"text-align: justify;\">\n","protected":false},"excerpt":{"rendered":"<p>Aquest cap de setmana ens ha colpejat la mort del professor Josep Ma Uy\u00e0. La m\u00fasica d&#8217;aquesta setmana est\u00e0 escollida pensant en ell.<br \/>\nEl dilluns sona O salutaris hostia de Pierre de la Rue. \u00c9s un trist r\u00e8quiem que va seleccionar ell mateix per acompanyar el&hellip;  <a href=\"https:\/\/agora.xtec.cat\/iesdecelra\/general\/musica-de-la-setmana\/en-record-de-josep-ma-uya\/\" title=\"Read EN RECORD DE JOSEP Ma UY\u00c0\">Llegeix m\u00e9s\u00bb<\/a><\/p>\n","protected":false},"author":1,"featured_media":0,"comment_status":"open","ping_status":"closed","sticky":false,"template":"","format":"standard","meta":{"_bbp_topic_count":0,"_bbp_reply_count":0,"_bbp_total_topic_count":0,"_bbp_total_reply_count":0,"_bbp_voice_count":0,"_bbp_anonymous_reply_count":0,"_bbp_topic_count_hidden":0,"_bbp_reply_count_hidden":0,"_bbp_forum_subforum_count":0,"footnotes":""},"categories":[122],"tags":[239,123],"class_list":["post-2643","post","type-post","status-publish","format-standard","hentry","category-musica-de-la-setmana","tag-curs-2019-2020","tag-musica-de-la-setmana"],"post_mailing_queue_ids":[],"_links":{"self":[{"href":"https:\/\/agora.xtec.cat\/iesdecelra\/wp-json\/wp\/v2\/posts\/2643","targetHints":{"allow":["GET"]}}],"collection":[{"href":"https:\/\/agora.xtec.cat\/iesdecelra\/wp-json\/wp\/v2\/posts"}],"about":[{"href":"https:\/\/agora.xtec.cat\/iesdecelra\/wp-json\/wp\/v2\/types\/post"}],"author":[{"embeddable":true,"href":"https:\/\/agora.xtec.cat\/iesdecelra\/wp-json\/wp\/v2\/users\/1"}],"replies":[{"embeddable":true,"href":"https:\/\/agora.xtec.cat\/iesdecelra\/wp-json\/wp\/v2\/comments?post=2643"}],"version-history":[{"count":2,"href":"https:\/\/agora.xtec.cat\/iesdecelra\/wp-json\/wp\/v2\/posts\/2643\/revisions"}],"predecessor-version":[{"id":2645,"href":"https:\/\/agora.xtec.cat\/iesdecelra\/wp-json\/wp\/v2\/posts\/2643\/revisions\/2645"}],"wp:attachment":[{"href":"https:\/\/agora.xtec.cat\/iesdecelra\/wp-json\/wp\/v2\/media?parent=2643"}],"wp:term":[{"taxonomy":"category","embeddable":true,"href":"https:\/\/agora.xtec.cat\/iesdecelra\/wp-json\/wp\/v2\/categories?post=2643"},{"taxonomy":"post_tag","embeddable":true,"href":"https:\/\/agora.xtec.cat\/iesdecelra\/wp-json\/wp\/v2\/tags?post=2643"}],"curies":[{"name":"wp","href":"https:\/\/api.w.org\/{rel}","templated":true}]}}