{"id":2612,"date":"2019-10-09T09:41:33","date_gmt":"2019-10-09T07:41:33","guid":{"rendered":"http:\/\/agora.xtec.cat\/iesdecelra\/?p=2612"},"modified":"2019-10-09T09:43:43","modified_gmt":"2019-10-09T07:43:43","slug":"el-projecte-de-servei-comunitari-a-diari-de-girona","status":"publish","type":"post","link":"https:\/\/agora.xtec.cat\/iesdecelra\/actualitat\/el-projecte-de-servei-comunitari-a-diari-de-girona\/","title":{"rendered":"EL PROJECTE DE SERVEI COMUNITARI A DIARI DE GIRONA"},"content":{"rendered":"<p>El Diari de Girona d&#8217;avui dimecres es fa ress\u00f2 del reconeixement de la Uni\u00f3 Europea cap al projecte de servei comunitari. Podeu llegir la not\u00edcia al seg\u00fcent enlla\u00e7:<\/p>\n<p><a href=\"https:\/\/www.diaridegirona.cat\/comarques\/2019\/10\/09\/linstitut-celra-reconegut-ue-pel\/1006975.html\">https:\/\/www.diaridegirona.cat\/comarques\/2019\/10\/09\/linstitut-celra-reconegut-ue-pel\/1006975.html<\/a><\/p>\n<p>&nbsp;<\/p>\n<p>&nbsp;<\/p>\n<p>&nbsp;<\/p>\n","protected":false},"excerpt":{"rendered":"<p>El Diari de Girona d&#8217;avui dimecres es fa ress\u00f2 del reconeixement de la Uni\u00f3 Europea cap al projecte de servei comunitari. Podeu llegir la not\u00edcia al seg\u00fcent enlla\u00e7:<br \/>\n<a href=\"https:\/\/www.diaridegirona.cat\/comarques\/2019\/10\/09\/linstitut-celra-reconegut-ue-pel\/1006975.html\">https:\/\/www.diaridegirona.cat\/comarques\/2019\/10\/09\/linstitut-celra-reconegut-ue-pel\/1006975.html<\/a><br \/>\n&nbsp;<br \/>\n&nbsp;<br \/>\n&nbsp;<\/p>\n","protected":false},"author":1,"featured_media":2615,"comment_status":"open","ping_status":"closed","sticky":false,"template":"","format":"standard","meta":{"_bbp_topic_count":0,"_bbp_reply_count":0,"_bbp_total_topic_count":0,"_bbp_total_reply_count":0,"_bbp_voice_count":0,"_bbp_anonymous_reply_count":0,"_bbp_topic_count_hidden":0,"_bbp_reply_count_hidden":0,"_bbp_forum_subforum_count":0,"footnotes":""},"categories":[103,156],"tags":[239,245],"class_list":["post-2612","post","type-post","status-publish","format-standard","has-post-thumbnail","hentry","category-actualitat","category-european-projects","tag-curs-2019-2020","tag-erasmus"],"post_mailing_queue_ids":[],"_links":{"self":[{"href":"https:\/\/agora.xtec.cat\/iesdecelra\/wp-json\/wp\/v2\/posts\/2612","targetHints":{"allow":["GET"]}}],"collection":[{"href":"https:\/\/agora.xtec.cat\/iesdecelra\/wp-json\/wp\/v2\/posts"}],"about":[{"href":"https:\/\/agora.xtec.cat\/iesdecelra\/wp-json\/wp\/v2\/types\/post"}],"author":[{"embeddable":true,"href":"https:\/\/agora.xtec.cat\/iesdecelra\/wp-json\/wp\/v2\/users\/1"}],"replies":[{"embeddable":true,"href":"https:\/\/agora.xtec.cat\/iesdecelra\/wp-json\/wp\/v2\/comments?post=2612"}],"version-history":[{"count":1,"href":"https:\/\/agora.xtec.cat\/iesdecelra\/wp-json\/wp\/v2\/posts\/2612\/revisions"}],"predecessor-version":[{"id":2614,"href":"https:\/\/agora.xtec.cat\/iesdecelra\/wp-json\/wp\/v2\/posts\/2612\/revisions\/2614"}],"wp:featuredmedia":[{"embeddable":true,"href":"https:\/\/agora.xtec.cat\/iesdecelra\/wp-json\/wp\/v2\/media\/2615"}],"wp:attachment":[{"href":"https:\/\/agora.xtec.cat\/iesdecelra\/wp-json\/wp\/v2\/media?parent=2612"}],"wp:term":[{"taxonomy":"category","embeddable":true,"href":"https:\/\/agora.xtec.cat\/iesdecelra\/wp-json\/wp\/v2\/categories?post=2612"},{"taxonomy":"post_tag","embeddable":true,"href":"https:\/\/agora.xtec.cat\/iesdecelra\/wp-json\/wp\/v2\/tags?post=2612"}],"curies":[{"name":"wp","href":"https:\/\/api.w.org\/{rel}","templated":true}]}}