{"id":2604,"date":"2019-10-07T19:37:46","date_gmt":"2019-10-07T17:37:46","guid":{"rendered":"http:\/\/agora.xtec.cat\/iesdecelra\/?p=2604"},"modified":"2019-10-07T19:44:07","modified_gmt":"2019-10-07T17:44:07","slug":"30-de-setembre-de-2019","status":"publish","type":"post","link":"https:\/\/agora.xtec.cat\/iesdecelra\/general\/30-de-setembre-de-2019\/","title":{"rendered":"30 de setembre de 2019"},"content":{"rendered":"<p>Deixem enrere el setembre i comencem nou mes amb una pe\u00e7a molt coneguda per\u00f2 que potser ens ha costat d&#8217;identificar: <em>Dansa hongaresa n\u00famero 5<\/em> de Brahms.<\/p>\n<p>&nbsp;<\/p>\n<p><iframe loading=\"lazy\" title=\"Johannes Brahms -- Hungarian Dance No.5 - Hungarian Symphony Orchestra Budapest\" width=\"500\" height=\"281\" src=\"https:\/\/www.youtube.com\/embed\/Nzo3atXtm54?feature=oembed\" frameborder=\"0\" allow=\"accelerometer; autoplay; clipboard-write; encrypted-media; gyroscope; picture-in-picture; web-share\" referrerpolicy=\"strict-origin-when-cross-origin\" allowfullscreen><\/iframe><\/p>\n","protected":false},"excerpt":{"rendered":"<p>Deixem enrere el setembre i comencem nou mes amb una pe\u00e7a molt coneguda per\u00f2 que potser ens ha costat d&#8217;identificar: Dansa hongaresa n\u00famero 5 de Brahms.<br \/>\n&nbsp;<\/p>\n","protected":false},"author":1,"featured_media":2610,"comment_status":"open","ping_status":"closed","sticky":false,"template":"","format":"standard","meta":{"_bbp_topic_count":0,"_bbp_reply_count":0,"_bbp_total_topic_count":0,"_bbp_total_reply_count":0,"_bbp_voice_count":0,"_bbp_anonymous_reply_count":0,"_bbp_topic_count_hidden":0,"_bbp_reply_count_hidden":0,"_bbp_forum_subforum_count":0,"footnotes":""},"categories":[1,122],"tags":[239,123],"class_list":["post-2604","post","type-post","status-publish","format-standard","has-post-thumbnail","hentry","category-general","category-musica-de-la-setmana","tag-curs-2019-2020","tag-musica-de-la-setmana"],"post_mailing_queue_ids":[],"_links":{"self":[{"href":"https:\/\/agora.xtec.cat\/iesdecelra\/wp-json\/wp\/v2\/posts\/2604","targetHints":{"allow":["GET"]}}],"collection":[{"href":"https:\/\/agora.xtec.cat\/iesdecelra\/wp-json\/wp\/v2\/posts"}],"about":[{"href":"https:\/\/agora.xtec.cat\/iesdecelra\/wp-json\/wp\/v2\/types\/post"}],"author":[{"embeddable":true,"href":"https:\/\/agora.xtec.cat\/iesdecelra\/wp-json\/wp\/v2\/users\/1"}],"replies":[{"embeddable":true,"href":"https:\/\/agora.xtec.cat\/iesdecelra\/wp-json\/wp\/v2\/comments?post=2604"}],"version-history":[{"count":3,"href":"https:\/\/agora.xtec.cat\/iesdecelra\/wp-json\/wp\/v2\/posts\/2604\/revisions"}],"predecessor-version":[{"id":2611,"href":"https:\/\/agora.xtec.cat\/iesdecelra\/wp-json\/wp\/v2\/posts\/2604\/revisions\/2611"}],"wp:featuredmedia":[{"embeddable":true,"href":"https:\/\/agora.xtec.cat\/iesdecelra\/wp-json\/wp\/v2\/media\/2610"}],"wp:attachment":[{"href":"https:\/\/agora.xtec.cat\/iesdecelra\/wp-json\/wp\/v2\/media?parent=2604"}],"wp:term":[{"taxonomy":"category","embeddable":true,"href":"https:\/\/agora.xtec.cat\/iesdecelra\/wp-json\/wp\/v2\/categories?post=2604"},{"taxonomy":"post_tag","embeddable":true,"href":"https:\/\/agora.xtec.cat\/iesdecelra\/wp-json\/wp\/v2\/tags?post=2604"}],"curies":[{"name":"wp","href":"https:\/\/api.w.org\/{rel}","templated":true}]}}